{"id":12345,"date":"2018-11-13T12:00:30","date_gmt":"2018-11-13T12:00:30","guid":{"rendered":"https:\/\/isde.es\/en\/news\/ica-oviedo-training-center-collaboration-isde-presents-ist-practical-course-corporate-tax-law\/"},"modified":"2020-06-26T13:15:38","modified_gmt":"2020-06-26T12:15:38","slug":"ica-oviedo-training-center-collaboration-isde-presents-ist-practical-course-corporate-tax-law","status":"publish","type":"post","link":"https:\/\/isde.es\/en\/news\/ica-oviedo-training-center-collaboration-isde-presents-ist-practical-course-corporate-tax-law\/","title":{"rendered":"The ICA Oviedo Training Center, in collaboration with ISDE, presents the &#8220;Ist Practical Course on Corporate Tax Law&#8221;"},"content":{"rendered":"<p>[vc_row type=&#8221;in_container&#8221; full_screen_row_position=&#8221;middle&#8221; column_margin=&#8221;default&#8221; scene_position=&#8221;center&#8221; text_color=&#8221;dark&#8221; text_align=&#8221;left&#8221; overlay_strength=&#8221;0.3&#8243; shape_divider_position=&#8221;bottom&#8221; bg_image_animation=&#8221;none&#8221;][vc_column column_padding=&#8221;no-extra-padding&#8221; column_padding_position=&#8221;all&#8221; background_color_opacity=&#8221;1&#8243; background_hover_color_opacity=&#8221;1&#8243; column_link_target=&#8221;_self&#8221; column_shadow=&#8221;none&#8221; column_border_radius=&#8221;none&#8221; width=&#8221;1\/1&#8243; tablet_width_inherit=&#8221;default&#8221; tablet_text_alignment=&#8221;default&#8221; phone_text_alignment=&#8221;default&#8221; overlay_strength=&#8221;0.3&#8243; column_border_width=&#8221;none&#8221; column_border_style=&#8221;solid&#8221; bg_image_animation=&#8221;none&#8221;][vc_column_text]On November 5<sup>th<\/sup> the institutional presentation in the Bar Association of Oviedo of the Practical Course on Corporate Tax Law took place, which was attended by Mr. Germ\u00e1n Ruiz, Deputy General Director of ISDE, accompanied by Mr. Jos\u00e9 A. Fern\u00e1ndez P\u00e9rez Campoamor, Tax Inspector, and Luis P\u00e9rez, responsible for the extrajudicial area of the ICA Oviedo Training Center.<\/p>\n<p>[\/vc_column_text][\/vc_column][\/vc_row][vc_row type=&#8221;in_container&#8221; full_screen_row_position=&#8221;middle&#8221; column_margin=&#8221;default&#8221; scene_position=&#8221;center&#8221; text_color=&#8221;dark&#8221; text_align=&#8221;left&#8221; overlay_strength=&#8221;0.3&#8243; shape_divider_position=&#8221;bottom&#8221; bg_image_animation=&#8221;none&#8221;][vc_column centered_text=&#8221;true&#8221; column_padding=&#8221;no-extra-padding&#8221; column_padding_position=&#8221;all&#8221; background_color_opacity=&#8221;1&#8243; background_hover_color_opacity=&#8221;1&#8243; column_link_target=&#8221;_self&#8221; column_shadow=&#8221;none&#8221; column_border_radius=&#8221;none&#8221; width=&#8221;1\/1&#8243; tablet_width_inherit=&#8221;default&#8221; tablet_text_alignment=&#8221;default&#8221; phone_text_alignment=&#8221;default&#8221; overlay_strength=&#8221;0.3&#8243; column_border_width=&#8221;none&#8221; column_border_style=&#8221;solid&#8221; bg_image_animation=&#8221;none&#8221;][image_with_animation image_url=&#8221;12346&#8243; alignment=&#8221;center&#8221; animation=&#8221;Fade In&#8221; hover_animation=&#8221;none&#8221; border_radius=&#8221;none&#8221; box_shadow=&#8221;none&#8221; image_loading=&#8221;default&#8221; max_width=&#8221;100%&#8221; max_width_mobile=&#8221;default&#8221;][\/vc_column][\/vc_row][vc_row type=&#8221;in_container&#8221; full_screen_row_position=&#8221;middle&#8221; column_margin=&#8221;default&#8221; scene_position=&#8221;center&#8221; text_color=&#8221;dark&#8221; text_align=&#8221;left&#8221; overlay_strength=&#8221;0.3&#8243; shape_divider_position=&#8221;bottom&#8221; bg_image_animation=&#8221;none&#8221;][vc_column column_padding=&#8221;no-extra-padding&#8221; column_padding_position=&#8221;all&#8221; background_color_opacity=&#8221;1&#8243; background_hover_color_opacity=&#8221;1&#8243; column_link_target=&#8221;_self&#8221; column_shadow=&#8221;none&#8221; column_border_radius=&#8221;none&#8221; width=&#8221;1\/1&#8243; tablet_width_inherit=&#8221;default&#8221; tablet_text_alignment=&#8221;default&#8221; phone_text_alignment=&#8221;default&#8221; overlay_strength=&#8221;0.3&#8243; column_border_width=&#8221;none&#8221; column_border_style=&#8221;solid&#8221; bg_image_animation=&#8221;none&#8221;][vc_column_text]The course, which is being held in the Bar Association&#8217;s training center on days 5, 7, 12, 14 and 19 of November, is designed to bring the practical reality of the Corporate Tax Law complex closer to the lawyer, with an in depth vie during different sessions and the most significant and relevant aspects of it. The Faculty of selected speakers, formed in its entirety by tax inspectors, lawyers specialized in tax law and auditors, confers that eminently practical vision that is required by the sector.<\/p>\n<p>Among the experts who will teach their respective subjects, are Mr. Jos\u00e9 A. Fern\u00e1ndez P\u00e9rez Campoamor, Tax Inspector; Mr. Juan Ignacio Molina Baquero, Tax Inspector; Mr. Carlos Ca\u00f1as Miralles, Attorney at Ontier; Vanessa M\u00e9ndez Su\u00e1rez, Lawyer at Deloitte, and Silvia Garc\u00eda Gallego, Auditor at Deloitte.[\/vc_column_text][\/vc_column][\/vc_row]<\/p>\n","protected":false},"excerpt":{"rendered":"<p>[vc_row type=&#8221;in_container&#8221; full_screen_row_position=&#8221;middle&#8221; column_margin=&#8221;default&#8221; scene_position=&#8221;center&#8221; text_color=&#8221;dark&#8221; text_align=&#8221;left&#8221; overlay_strength=&#8221;0.3&#8243; shape_divider_position=&#8221;bottom&#8221; bg_image_animation=&#8221;none&#8221;][vc_column column_padding=&#8221;no-extra-padding&#8221; column_padding_position=&#8221;all&#8221; background_color_opacity=&#8221;1&#8243; background_hover_color_opacity=&#8221;1&#8243; column_link_target=&#8221;_self&#8221; column_shadow=&#8221;none&#8221; column_border_radius=&#8221;none&#8221; width=&#8221;1\/1&#8243; tablet_width_inherit=&#8221;default&#8221; tablet_text_alignment=&#8221;default&#8221; phone_text_alignment=&#8221;default&#8221; overlay_strength=&#8221;0.3&#8243; column_border_width=&#8221;none&#8221; column_border_style=&#8221;solid&#8221; bg_image_animation=&#8221;none&#8221;][vc_column_text]On November 5th the institutional presentation in the Bar Association of Oviedo of the Practical Course on Corporate Tax Law took place, which was attended by Mr. Germ\u00e1n Ruiz, Deputy General [&hellip;]<\/p>\n","protected":false},"author":1,"featured_media":12346,"comment_status":"open","ping_status":"open","sticky":false,"template":"","format":"standard","meta":{"_acf_changed":false,"footnotes":""},"categories":[128],"tags":[],"post_folder":[],"class_list":["post-12345","post","type-post","status-publish","format-standard","has-post-thumbnail","hentry","category-news"],"acf":[],"yoast_head":"<!-- This site is optimized with the Yoast SEO Premium plugin v27.1 (Yoast SEO v27.1.1) - https:\/\/yoast.com\/product\/yoast-seo-premium-wordpress\/ -->\n<title>The ICA Oviedo Training Center, in collaboration with ISDE, presents the &quot;Ist Practical Course on Corporate Tax Law&quot; - ISDE<\/title>\n<meta name=\"robots\" content=\"index, follow, max-snippet:-1, max-image-preview:large, max-video-preview:-1\" \/>\n<link rel=\"canonical\" href=\"https:\/\/isde.es\/en\/news\/ica-oviedo-training-center-collaboration-isde-presents-ist-practical-course-corporate-tax-law\/\" \/>\n<meta property=\"og:locale\" content=\"en_US\" \/>\n<meta property=\"og:type\" content=\"article\" \/>\n<meta property=\"og:title\" content=\"The ICA Oviedo Training Center, in collaboration with ISDE, presents the &quot;Ist Practical Course on Corporate Tax Law&quot;\" \/>\n<meta property=\"og:description\" content=\"[vc_row type=&#8221;in_container&#8221; full_screen_row_position=&#8221;middle&#8221; column_margin=&#8221;default&#8221; scene_position=&#8221;center&#8221; text_color=&#8221;dark&#8221; text_align=&#8221;left&#8221; overlay_strength=&#8221;0.3&#8243; shape_divider_position=&#8221;bottom&#8221; bg_image_animation=&#8221;none&#8221;][vc_column column_padding=&#8221;no-extra-padding&#8221; column_padding_position=&#8221;all&#8221; background_color_opacity=&#8221;1&#8243; background_hover_color_opacity=&#8221;1&#8243; column_link_target=&#8221;_self&#8221; column_shadow=&#8221;none&#8221; column_border_radius=&#8221;none&#8221; width=&#8221;1\/1&#8243; tablet_width_inherit=&#8221;default&#8221; tablet_text_alignment=&#8221;default&#8221; phone_text_alignment=&#8221;default&#8221; overlay_strength=&#8221;0.3&#8243; column_border_width=&#8221;none&#8221; column_border_style=&#8221;solid&#8221; bg_image_animation=&#8221;none&#8221;][vc_column_text]On November 5th the institutional presentation in the Bar Association of Oviedo of the Practical Course on Corporate Tax Law took place, which was attended by Mr. Germ\u00e1n Ruiz, Deputy General [&hellip;]\" \/>\n<meta property=\"og:url\" content=\"https:\/\/isde.es\/en\/news\/ica-oviedo-training-center-collaboration-isde-presents-ist-practical-course-corporate-tax-law\/\" \/>\n<meta property=\"og:site_name\" content=\"ISDE\" \/>\n<meta property=\"article:publisher\" content=\"https:\/\/www.facebook.com\/DerechoISDE\" \/>\n<meta property=\"article:published_time\" content=\"2018-11-13T12:00:30+00:00\" \/>\n<meta property=\"article:modified_time\" content=\"2020-06-26T12:15:38+00:00\" \/>\n<meta property=\"og:image\" content=\"https:\/\/isde.es\/wp-content\/uploads\/2018\/11\/img_1911.jpg\" \/>\n\t<meta property=\"og:image:width\" content=\"1\" \/>\n\t<meta property=\"og:image:height\" content=\"1\" \/>\n\t<meta property=\"og:image:type\" content=\"image\/jpeg\" \/>\n<meta name=\"author\" content=\"Soporte ISDE\" \/>\n<meta name=\"twitter:card\" content=\"summary_large_image\" \/>\n<meta name=\"twitter:creator\" content=\"@ISDEmasters\" \/>\n<meta name=\"twitter:site\" content=\"@ISDEmasters\" \/>\n<meta name=\"twitter:label1\" content=\"Written by\" \/>\n\t<meta name=\"twitter:data1\" content=\"Soporte ISDE\" \/>\n\t<meta name=\"twitter:label2\" content=\"Est. reading time\" \/>\n\t<meta name=\"twitter:data2\" content=\"3 minutes\" \/>\n<script type=\"application\/ld+json\" class=\"yoast-schema-graph\">{\"@context\":\"https:\/\/schema.org\",\"@graph\":[{\"@type\":\"Article\",\"@id\":\"https:\/\/isde.es\/en\/news\/ica-oviedo-training-center-collaboration-isde-presents-ist-practical-course-corporate-tax-law\/#article\",\"isPartOf\":{\"@id\":\"https:\/\/isde.es\/en\/news\/ica-oviedo-training-center-collaboration-isde-presents-ist-practical-course-corporate-tax-law\/\"},\"author\":{\"name\":\"Soporte ISDE\",\"@id\":\"https:\/\/isde.es\/#\/schema\/person\/101c5b8a5887e02807b563a6dbe748d4\"},\"headline\":\"The ICA Oviedo Training Center, in collaboration with ISDE, presents the &#8220;Ist Practical Course on Corporate Tax Law&#8221;\",\"datePublished\":\"2018-11-13T12:00:30+00:00\",\"dateModified\":\"2020-06-26T12:15:38+00:00\",\"mainEntityOfPage\":{\"@id\":\"https:\/\/isde.es\/en\/news\/ica-oviedo-training-center-collaboration-isde-presents-ist-practical-course-corporate-tax-law\/\"},\"wordCount\":526,\"commentCount\":0,\"publisher\":{\"@id\":\"https:\/\/isde.es\/#organization\"},\"image\":{\"@id\":\"https:\/\/isde.es\/en\/news\/ica-oviedo-training-center-collaboration-isde-presents-ist-practical-course-corporate-tax-law\/#primaryimage\"},\"thumbnailUrl\":\"https:\/\/isde.es\/wp-content\/uploads\/2018\/11\/img_1911.jpg\",\"articleSection\":[\"News\"],\"inLanguage\":\"en-US\",\"potentialAction\":[{\"@type\":\"CommentAction\",\"name\":\"Comment\",\"target\":[\"https:\/\/isde.es\/en\/news\/ica-oviedo-training-center-collaboration-isde-presents-ist-practical-course-corporate-tax-law\/#respond\"]}]},{\"@type\":\"WebPage\",\"@id\":\"https:\/\/isde.es\/en\/news\/ica-oviedo-training-center-collaboration-isde-presents-ist-practical-course-corporate-tax-law\/\",\"url\":\"https:\/\/isde.es\/en\/news\/ica-oviedo-training-center-collaboration-isde-presents-ist-practical-course-corporate-tax-law\/\",\"name\":\"The ICA Oviedo Training Center, in collaboration with ISDE, presents the \\\"Ist Practical Course on Corporate Tax Law\\\" - ISDE\",\"isPartOf\":{\"@id\":\"https:\/\/isde.es\/#website\"},\"primaryImageOfPage\":{\"@id\":\"https:\/\/isde.es\/en\/news\/ica-oviedo-training-center-collaboration-isde-presents-ist-practical-course-corporate-tax-law\/#primaryimage\"},\"image\":{\"@id\":\"https:\/\/isde.es\/en\/news\/ica-oviedo-training-center-collaboration-isde-presents-ist-practical-course-corporate-tax-law\/#primaryimage\"},\"thumbnailUrl\":\"https:\/\/isde.es\/wp-content\/uploads\/2018\/11\/img_1911.jpg\",\"datePublished\":\"2018-11-13T12:00:30+00:00\",\"dateModified\":\"2020-06-26T12:15:38+00:00\",\"breadcrumb\":{\"@id\":\"https:\/\/isde.es\/en\/news\/ica-oviedo-training-center-collaboration-isde-presents-ist-practical-course-corporate-tax-law\/#breadcrumb\"},\"inLanguage\":\"en-US\",\"potentialAction\":[{\"@type\":\"ReadAction\",\"target\":[\"https:\/\/isde.es\/en\/news\/ica-oviedo-training-center-collaboration-isde-presents-ist-practical-course-corporate-tax-law\/\"]}]},{\"@type\":\"ImageObject\",\"inLanguage\":\"en-US\",\"@id\":\"https:\/\/isde.es\/en\/news\/ica-oviedo-training-center-collaboration-isde-presents-ist-practical-course-corporate-tax-law\/#primaryimage\",\"url\":\"https:\/\/isde.es\/wp-content\/uploads\/2018\/11\/img_1911.jpg\",\"contentUrl\":\"https:\/\/isde.es\/wp-content\/uploads\/2018\/11\/img_1911.jpg\",\"caption\":\"img\"},{\"@type\":\"BreadcrumbList\",\"@id\":\"https:\/\/isde.es\/en\/news\/ica-oviedo-training-center-collaboration-isde-presents-ist-practical-course-corporate-tax-law\/#breadcrumb\",\"itemListElement\":[{\"@type\":\"ListItem\",\"position\":1,\"name\":\"Portada\",\"item\":\"https:\/\/isde.es\/\"},{\"@type\":\"ListItem\",\"position\":2,\"name\":\"The ICA Oviedo Training Center, in collaboration with ISDE, presents the \u00abIst Practical Course on Corporate Tax Law\u00bb\"}]},{\"@type\":\"WebSite\",\"@id\":\"https:\/\/isde.es\/#website\",\"url\":\"https:\/\/isde.es\/\",\"name\":\"ISDE\",\"description\":\"Masters de Derecho y Econom\u00eda\",\"publisher\":{\"@id\":\"https:\/\/isde.es\/#organization\"},\"potentialAction\":[{\"@type\":\"SearchAction\",\"target\":{\"@type\":\"EntryPoint\",\"urlTemplate\":\"https:\/\/isde.es\/?s={search_term_string}\"},\"query-input\":{\"@type\":\"PropertyValueSpecification\",\"valueRequired\":true,\"valueName\":\"search_term_string\"}}],\"inLanguage\":\"en-US\"},{\"@type\":\"Organization\",\"@id\":\"https:\/\/isde.es\/#organization\",\"name\":\"ISDE, Law Business School\",\"url\":\"https:\/\/isde.es\/\",\"logo\":{\"@type\":\"ImageObject\",\"inLanguage\":\"en-US\",\"@id\":\"https:\/\/isde.es\/#\/schema\/logo\/image\/\",\"url\":\"https:\/\/isde.es\/wp-content\/uploads\/2018\/10\/logo_isde_header.jpg\",\"contentUrl\":\"https:\/\/isde.es\/wp-content\/uploads\/2018\/10\/logo_isde_header.jpg\",\"width\":134,\"height\":158,\"caption\":\"ISDE, Law Business School\"},\"image\":{\"@id\":\"https:\/\/isde.es\/#\/schema\/logo\/image\/\"},\"sameAs\":[\"https:\/\/www.facebook.com\/DerechoISDE\",\"https:\/\/x.com\/ISDEmasters\"]},{\"@type\":\"Person\",\"@id\":\"https:\/\/isde.es\/#\/schema\/person\/101c5b8a5887e02807b563a6dbe748d4\",\"name\":\"Soporte ISDE\",\"image\":{\"@type\":\"ImageObject\",\"inLanguage\":\"en-US\",\"@id\":\"https:\/\/isde.es\/#\/schema\/person\/image\/\",\"url\":\"https:\/\/secure.gravatar.com\/avatar\/e80eb369c1881182f5e96f50ae69ab734825b75376705aa55a7878469fd3397b?s=96&d=mm&r=g\",\"contentUrl\":\"https:\/\/secure.gravatar.com\/avatar\/e80eb369c1881182f5e96f50ae69ab734825b75376705aa55a7878469fd3397b?s=96&d=mm&r=g\",\"caption\":\"Soporte ISDE\"}}]}<\/script>\n<!-- \/ Yoast SEO Premium plugin. -->","yoast_head_json":{"title":"The ICA Oviedo Training Center, in collaboration with ISDE, presents the \"Ist Practical Course on Corporate Tax Law\" - ISDE","robots":{"index":"index","follow":"follow","max-snippet":"max-snippet:-1","max-image-preview":"max-image-preview:large","max-video-preview":"max-video-preview:-1"},"canonical":"https:\/\/isde.es\/en\/news\/ica-oviedo-training-center-collaboration-isde-presents-ist-practical-course-corporate-tax-law\/","og_locale":"en_US","og_type":"article","og_title":"The ICA Oviedo Training Center, in collaboration with ISDE, presents the \"Ist Practical Course on Corporate Tax Law\"","og_description":"[vc_row type=&#8221;in_container&#8221; full_screen_row_position=&#8221;middle&#8221; column_margin=&#8221;default&#8221; scene_position=&#8221;center&#8221; text_color=&#8221;dark&#8221; text_align=&#8221;left&#8221; overlay_strength=&#8221;0.3&#8243; shape_divider_position=&#8221;bottom&#8221; bg_image_animation=&#8221;none&#8221;][vc_column column_padding=&#8221;no-extra-padding&#8221; column_padding_position=&#8221;all&#8221; background_color_opacity=&#8221;1&#8243; background_hover_color_opacity=&#8221;1&#8243; column_link_target=&#8221;_self&#8221; column_shadow=&#8221;none&#8221; column_border_radius=&#8221;none&#8221; width=&#8221;1\/1&#8243; tablet_width_inherit=&#8221;default&#8221; tablet_text_alignment=&#8221;default&#8221; phone_text_alignment=&#8221;default&#8221; overlay_strength=&#8221;0.3&#8243; column_border_width=&#8221;none&#8221; column_border_style=&#8221;solid&#8221; bg_image_animation=&#8221;none&#8221;][vc_column_text]On November 5th the institutional presentation in the Bar Association of Oviedo of the Practical Course on Corporate Tax Law took place, which was attended by Mr. Germ\u00e1n Ruiz, Deputy General [&hellip;]","og_url":"https:\/\/isde.es\/en\/news\/ica-oviedo-training-center-collaboration-isde-presents-ist-practical-course-corporate-tax-law\/","og_site_name":"ISDE","article_publisher":"https:\/\/www.facebook.com\/DerechoISDE","article_published_time":"2018-11-13T12:00:30+00:00","article_modified_time":"2020-06-26T12:15:38+00:00","og_image":[{"url":"https:\/\/isde.es\/wp-content\/uploads\/2018\/11\/img_1911.jpg","width":1,"height":1,"type":"image\/jpeg"}],"author":"Soporte ISDE","twitter_card":"summary_large_image","twitter_creator":"@ISDEmasters","twitter_site":"@ISDEmasters","twitter_misc":{"Written by":"Soporte ISDE","Est. reading time":"3 minutes"},"schema":{"@context":"https:\/\/schema.org","@graph":[{"@type":"Article","@id":"https:\/\/isde.es\/en\/news\/ica-oviedo-training-center-collaboration-isde-presents-ist-practical-course-corporate-tax-law\/#article","isPartOf":{"@id":"https:\/\/isde.es\/en\/news\/ica-oviedo-training-center-collaboration-isde-presents-ist-practical-course-corporate-tax-law\/"},"author":{"name":"Soporte ISDE","@id":"https:\/\/isde.es\/#\/schema\/person\/101c5b8a5887e02807b563a6dbe748d4"},"headline":"The ICA Oviedo Training Center, in collaboration with ISDE, presents the &#8220;Ist Practical Course on Corporate Tax Law&#8221;","datePublished":"2018-11-13T12:00:30+00:00","dateModified":"2020-06-26T12:15:38+00:00","mainEntityOfPage":{"@id":"https:\/\/isde.es\/en\/news\/ica-oviedo-training-center-collaboration-isde-presents-ist-practical-course-corporate-tax-law\/"},"wordCount":526,"commentCount":0,"publisher":{"@id":"https:\/\/isde.es\/#organization"},"image":{"@id":"https:\/\/isde.es\/en\/news\/ica-oviedo-training-center-collaboration-isde-presents-ist-practical-course-corporate-tax-law\/#primaryimage"},"thumbnailUrl":"https:\/\/isde.es\/wp-content\/uploads\/2018\/11\/img_1911.jpg","articleSection":["News"],"inLanguage":"en-US","potentialAction":[{"@type":"CommentAction","name":"Comment","target":["https:\/\/isde.es\/en\/news\/ica-oviedo-training-center-collaboration-isde-presents-ist-practical-course-corporate-tax-law\/#respond"]}]},{"@type":"WebPage","@id":"https:\/\/isde.es\/en\/news\/ica-oviedo-training-center-collaboration-isde-presents-ist-practical-course-corporate-tax-law\/","url":"https:\/\/isde.es\/en\/news\/ica-oviedo-training-center-collaboration-isde-presents-ist-practical-course-corporate-tax-law\/","name":"The ICA Oviedo Training Center, in collaboration with ISDE, presents the \"Ist Practical Course on Corporate Tax Law\" - ISDE","isPartOf":{"@id":"https:\/\/isde.es\/#website"},"primaryImageOfPage":{"@id":"https:\/\/isde.es\/en\/news\/ica-oviedo-training-center-collaboration-isde-presents-ist-practical-course-corporate-tax-law\/#primaryimage"},"image":{"@id":"https:\/\/isde.es\/en\/news\/ica-oviedo-training-center-collaboration-isde-presents-ist-practical-course-corporate-tax-law\/#primaryimage"},"thumbnailUrl":"https:\/\/isde.es\/wp-content\/uploads\/2018\/11\/img_1911.jpg","datePublished":"2018-11-13T12:00:30+00:00","dateModified":"2020-06-26T12:15:38+00:00","breadcrumb":{"@id":"https:\/\/isde.es\/en\/news\/ica-oviedo-training-center-collaboration-isde-presents-ist-practical-course-corporate-tax-law\/#breadcrumb"},"inLanguage":"en-US","potentialAction":[{"@type":"ReadAction","target":["https:\/\/isde.es\/en\/news\/ica-oviedo-training-center-collaboration-isde-presents-ist-practical-course-corporate-tax-law\/"]}]},{"@type":"ImageObject","inLanguage":"en-US","@id":"https:\/\/isde.es\/en\/news\/ica-oviedo-training-center-collaboration-isde-presents-ist-practical-course-corporate-tax-law\/#primaryimage","url":"https:\/\/isde.es\/wp-content\/uploads\/2018\/11\/img_1911.jpg","contentUrl":"https:\/\/isde.es\/wp-content\/uploads\/2018\/11\/img_1911.jpg","caption":"img"},{"@type":"BreadcrumbList","@id":"https:\/\/isde.es\/en\/news\/ica-oviedo-training-center-collaboration-isde-presents-ist-practical-course-corporate-tax-law\/#breadcrumb","itemListElement":[{"@type":"ListItem","position":1,"name":"Portada","item":"https:\/\/isde.es\/"},{"@type":"ListItem","position":2,"name":"The ICA Oviedo Training Center, in collaboration with ISDE, presents the \u00abIst Practical Course on Corporate Tax Law\u00bb"}]},{"@type":"WebSite","@id":"https:\/\/isde.es\/#website","url":"https:\/\/isde.es\/","name":"ISDE","description":"Masters de Derecho y Econom\u00eda","publisher":{"@id":"https:\/\/isde.es\/#organization"},"potentialAction":[{"@type":"SearchAction","target":{"@type":"EntryPoint","urlTemplate":"https:\/\/isde.es\/?s={search_term_string}"},"query-input":{"@type":"PropertyValueSpecification","valueRequired":true,"valueName":"search_term_string"}}],"inLanguage":"en-US"},{"@type":"Organization","@id":"https:\/\/isde.es\/#organization","name":"ISDE, Law Business School","url":"https:\/\/isde.es\/","logo":{"@type":"ImageObject","inLanguage":"en-US","@id":"https:\/\/isde.es\/#\/schema\/logo\/image\/","url":"https:\/\/isde.es\/wp-content\/uploads\/2018\/10\/logo_isde_header.jpg","contentUrl":"https:\/\/isde.es\/wp-content\/uploads\/2018\/10\/logo_isde_header.jpg","width":134,"height":158,"caption":"ISDE, Law Business School"},"image":{"@id":"https:\/\/isde.es\/#\/schema\/logo\/image\/"},"sameAs":["https:\/\/www.facebook.com\/DerechoISDE","https:\/\/x.com\/ISDEmasters"]},{"@type":"Person","@id":"https:\/\/isde.es\/#\/schema\/person\/101c5b8a5887e02807b563a6dbe748d4","name":"Soporte ISDE","image":{"@type":"ImageObject","inLanguage":"en-US","@id":"https:\/\/isde.es\/#\/schema\/person\/image\/","url":"https:\/\/secure.gravatar.com\/avatar\/e80eb369c1881182f5e96f50ae69ab734825b75376705aa55a7878469fd3397b?s=96&d=mm&r=g","contentUrl":"https:\/\/secure.gravatar.com\/avatar\/e80eb369c1881182f5e96f50ae69ab734825b75376705aa55a7878469fd3397b?s=96&d=mm&r=g","caption":"Soporte ISDE"}}]}},"_links":{"self":[{"href":"https:\/\/isde.es\/en\/wp-json\/wp\/v2\/posts\/12345","targetHints":{"allow":["GET"]}}],"collection":[{"href":"https:\/\/isde.es\/en\/wp-json\/wp\/v2\/posts"}],"about":[{"href":"https:\/\/isde.es\/en\/wp-json\/wp\/v2\/types\/post"}],"author":[{"embeddable":true,"href":"https:\/\/isde.es\/en\/wp-json\/wp\/v2\/users\/1"}],"replies":[{"embeddable":true,"href":"https:\/\/isde.es\/en\/wp-json\/wp\/v2\/comments?post=12345"}],"version-history":[{"count":0,"href":"https:\/\/isde.es\/en\/wp-json\/wp\/v2\/posts\/12345\/revisions"}],"wp:featuredmedia":[{"embeddable":true,"href":"https:\/\/isde.es\/en\/wp-json\/wp\/v2\/media\/12346"}],"wp:attachment":[{"href":"https:\/\/isde.es\/en\/wp-json\/wp\/v2\/media?parent=12345"}],"wp:term":[{"taxonomy":"category","embeddable":true,"href":"https:\/\/isde.es\/en\/wp-json\/wp\/v2\/categories?post=12345"},{"taxonomy":"post_tag","embeddable":true,"href":"https:\/\/isde.es\/en\/wp-json\/wp\/v2\/tags?post=12345"},{"taxonomy":"post_folder","embeddable":true,"href":"https:\/\/isde.es\/en\/wp-json\/wp\/v2\/post_folder?post=12345"}],"curies":[{"name":"wp","href":"https:\/\/api.w.org\/{rel}","templated":true}]}}