{"id":68466,"date":"2024-05-01T10:48:16","date_gmt":"2024-05-01T09:48:16","guid":{"rendered":"https:\/\/isde.es\/?p=68466"},"modified":"2024-05-14T10:50:55","modified_gmt":"2024-05-14T09:50:55","slug":"roundtable-on-amnesty-within-the-framework-of-natural-and-positive-law","status":"publish","type":"post","link":"https:\/\/isde.es\/en\/news\/roundtable-on-amnesty-within-the-framework-of-natural-and-positive-law\/","title":{"rendered":"Roundtable on &#8220;Amnesty within the Framework of Natural and Positive Law&#8221;"},"content":{"rendered":"<p style=\"text-align: justify;\">Last week, in collaboration with ELSA Madrid, ISDE Madrid had the honor of hosting a crucial roundtable on &#8220;Amnesty within the Framework of Natural and Positive Law.&#8221; This event brought together students, academics, and legal professionals to discuss one of the most complex and debated topics in the legal field.<\/p>\n<p style=\"text-align: justify;\">Moderated by the distinguished Jose Palazuelos from the Supreme Court, and featuring experts such as Nicol\u00e1s Gonzalez-Cuellar Serrano, Lucia Pedre\u00f1o Navarro, and Jose Alberto Fern\u00e1ndez Rodera, the event provided a rich exploration of how amnesty intertwines with law, morality, and politics. Participants delved into the impact of amnesty on modern society and global legal systems, providing insights that will resonate in their future practices and studies.<\/p>\n<p style=\"text-align: justify;\">We thank everyone who joined us in this meaningful dialogue and hope that the discussions initiated here continue to inspire and foster constructive debates in the future.<\/p>\n<p>&nbsp;<\/p>\n<p><img fetchpriority=\"high\" decoding=\"async\" class=\"wp-image-68462 size-medium alignleft\" title=\"mesaredonda2\" src=\"https:\/\/isde.es\/wp-content\/uploads\/2024\/05\/mesaredonda2-300x300.jpg\" alt=\"\" width=\"300\" height=\"300\" srcset=\"https:\/\/isde.es\/wp-content\/uploads\/2024\/05\/mesaredonda2-300x300.jpg 300w, https:\/\/isde.es\/wp-content\/uploads\/2024\/05\/mesaredonda2-1024x1024.jpg 1024w, https:\/\/isde.es\/wp-content\/uploads\/2024\/05\/mesaredonda2-150x150.jpg 150w, https:\/\/isde.es\/wp-content\/uploads\/2024\/05\/mesaredonda2-768x768.jpg 768w, https:\/\/isde.es\/wp-content\/uploads\/2024\/05\/mesaredonda2-100x100.jpg 100w, https:\/\/isde.es\/wp-content\/uploads\/2024\/05\/mesaredonda2-140x140.jpg 140w, https:\/\/isde.es\/wp-content\/uploads\/2024\/05\/mesaredonda2-500x500.jpg 500w, https:\/\/isde.es\/wp-content\/uploads\/2024\/05\/mesaredonda2-350x350.jpg 350w, https:\/\/isde.es\/wp-content\/uploads\/2024\/05\/mesaredonda2-1000x1000.jpg 1000w, https:\/\/isde.es\/wp-content\/uploads\/2024\/05\/mesaredonda2-800x800.jpg 800w, https:\/\/isde.es\/wp-content\/uploads\/2024\/05\/mesaredonda2.jpg 1080w\" sizes=\"(max-width: 300px) 100vw, 300px\" \/><img decoding=\"async\" class=\"wp-image-68464 size-medium alignleft\" title=\"mesaredonda\" src=\"https:\/\/isde.es\/wp-content\/uploads\/2024\/05\/mesaredonda-300x300.jpg\" alt=\"\" width=\"300\" height=\"300\" srcset=\"https:\/\/isde.es\/wp-content\/uploads\/2024\/05\/mesaredonda-300x300.jpg 300w, https:\/\/isde.es\/wp-content\/uploads\/2024\/05\/mesaredonda-1024x1024.jpg 1024w, https:\/\/isde.es\/wp-content\/uploads\/2024\/05\/mesaredonda-150x150.jpg 150w, https:\/\/isde.es\/wp-content\/uploads\/2024\/05\/mesaredonda-768x768.jpg 768w, https:\/\/isde.es\/wp-content\/uploads\/2024\/05\/mesaredonda-100x100.jpg 100w, https:\/\/isde.es\/wp-content\/uploads\/2024\/05\/mesaredonda-140x140.jpg 140w, https:\/\/isde.es\/wp-content\/uploads\/2024\/05\/mesaredonda-500x500.jpg 500w, https:\/\/isde.es\/wp-content\/uploads\/2024\/05\/mesaredonda-350x350.jpg 350w, https:\/\/isde.es\/wp-content\/uploads\/2024\/05\/mesaredonda-1000x1000.jpg 1000w, https:\/\/isde.es\/wp-content\/uploads\/2024\/05\/mesaredonda-800x800.jpg 800w, https:\/\/isde.es\/wp-content\/uploads\/2024\/05\/mesaredonda.jpg 1080w\" sizes=\"(max-width: 300px) 100vw, 300px\" \/><\/p>\n","protected":false},"excerpt":{"rendered":"<p>Last week, in collaboration with ELSA Madrid, ISDE Madrid had the honor of hosting a crucial roundtable on &#8220;Amnesty within the Framework of Natural and Positive Law.&#8221; This event brought together students, academics, and legal professionals to discuss one of the most complex and debated topics in the legal field. Moderated by the distinguished Jose [&hellip;]<\/p>\n","protected":false},"author":1,"featured_media":68462,"comment_status":"closed","ping_status":"closed","sticky":false,"template":"","format":"standard","meta":{"_acf_changed":false,"footnotes":""},"categories":[128],"tags":[],"post_folder":[],"class_list":["post-68466","post","type-post","status-publish","format-standard","has-post-thumbnail","hentry","category-news"],"acf":[],"yoast_head":"<!-- This site is optimized with the Yoast SEO Premium plugin v27.1 (Yoast SEO v27.1.1) - https:\/\/yoast.com\/product\/yoast-seo-premium-wordpress\/ -->\n<title>Roundtable on &quot;Amnesty within the Framework of Natural and Positive Law&quot; - ISDE<\/title>\n<meta name=\"robots\" content=\"index, follow, max-snippet:-1, max-image-preview:large, max-video-preview:-1\" \/>\n<link rel=\"canonical\" href=\"https:\/\/isde.es\/en\/news\/roundtable-on-amnesty-within-the-framework-of-natural-and-positive-law\/\" \/>\n<meta property=\"og:locale\" content=\"en_US\" \/>\n<meta property=\"og:type\" content=\"article\" \/>\n<meta property=\"og:title\" content=\"Roundtable on &quot;Amnesty within the Framework of Natural and Positive Law&quot;\" \/>\n<meta property=\"og:description\" content=\"Last week, in collaboration with ELSA Madrid, ISDE Madrid had the honor of hosting a crucial roundtable on &#8220;Amnesty within the Framework of Natural and Positive Law.&#8221; This event brought together students, academics, and legal professionals to discuss one of the most complex and debated topics in the legal field. Moderated by the distinguished Jose [&hellip;]\" \/>\n<meta property=\"og:url\" content=\"https:\/\/isde.es\/en\/news\/roundtable-on-amnesty-within-the-framework-of-natural-and-positive-law\/\" \/>\n<meta property=\"og:site_name\" content=\"ISDE\" \/>\n<meta property=\"article:publisher\" content=\"https:\/\/www.facebook.com\/DerechoISDE\" \/>\n<meta property=\"article:published_time\" content=\"2024-05-01T09:48:16+00:00\" \/>\n<meta property=\"article:modified_time\" content=\"2024-05-14T09:50:55+00:00\" \/>\n<meta property=\"og:image\" content=\"https:\/\/isde.es\/wp-content\/uploads\/2024\/05\/mesaredonda2.jpg\" \/>\n\t<meta property=\"og:image:width\" content=\"1080\" \/>\n\t<meta property=\"og:image:height\" content=\"1080\" \/>\n\t<meta property=\"og:image:type\" content=\"image\/jpeg\" \/>\n<meta name=\"author\" content=\"Soporte ISDE\" \/>\n<meta name=\"twitter:card\" content=\"summary_large_image\" \/>\n<meta name=\"twitter:creator\" content=\"@ISDEmasters\" \/>\n<meta name=\"twitter:site\" content=\"@ISDEmasters\" \/>\n<meta name=\"twitter:label1\" content=\"Written by\" \/>\n\t<meta name=\"twitter:data1\" content=\"Soporte ISDE\" \/>\n\t<meta name=\"twitter:label2\" content=\"Est. reading time\" \/>\n\t<meta name=\"twitter:data2\" content=\"1 minute\" \/>\n<script type=\"application\/ld+json\" class=\"yoast-schema-graph\">{\"@context\":\"https:\/\/schema.org\",\"@graph\":[{\"@type\":\"Article\",\"@id\":\"https:\/\/isde.es\/en\/news\/roundtable-on-amnesty-within-the-framework-of-natural-and-positive-law\/#article\",\"isPartOf\":{\"@id\":\"https:\/\/isde.es\/en\/news\/roundtable-on-amnesty-within-the-framework-of-natural-and-positive-law\/\"},\"author\":{\"name\":\"Soporte ISDE\",\"@id\":\"https:\/\/isde.es\/#\/schema\/person\/101c5b8a5887e02807b563a6dbe748d4\"},\"headline\":\"Roundtable on &#8220;Amnesty within the Framework of Natural and Positive Law&#8221;\",\"datePublished\":\"2024-05-01T09:48:16+00:00\",\"dateModified\":\"2024-05-14T09:50:55+00:00\",\"mainEntityOfPage\":{\"@id\":\"https:\/\/isde.es\/en\/news\/roundtable-on-amnesty-within-the-framework-of-natural-and-positive-law\/\"},\"wordCount\":158,\"publisher\":{\"@id\":\"https:\/\/isde.es\/#organization\"},\"image\":{\"@id\":\"https:\/\/isde.es\/en\/news\/roundtable-on-amnesty-within-the-framework-of-natural-and-positive-law\/#primaryimage\"},\"thumbnailUrl\":\"https:\/\/isde.es\/wp-content\/uploads\/2024\/05\/mesaredonda2.jpg\",\"articleSection\":[\"News\"],\"inLanguage\":\"en-US\"},{\"@type\":\"WebPage\",\"@id\":\"https:\/\/isde.es\/en\/news\/roundtable-on-amnesty-within-the-framework-of-natural-and-positive-law\/\",\"url\":\"https:\/\/isde.es\/en\/news\/roundtable-on-amnesty-within-the-framework-of-natural-and-positive-law\/\",\"name\":\"Roundtable on \\\"Amnesty within the Framework of Natural and Positive Law\\\" - ISDE\",\"isPartOf\":{\"@id\":\"https:\/\/isde.es\/#website\"},\"primaryImageOfPage\":{\"@id\":\"https:\/\/isde.es\/en\/news\/roundtable-on-amnesty-within-the-framework-of-natural-and-positive-law\/#primaryimage\"},\"image\":{\"@id\":\"https:\/\/isde.es\/en\/news\/roundtable-on-amnesty-within-the-framework-of-natural-and-positive-law\/#primaryimage\"},\"thumbnailUrl\":\"https:\/\/isde.es\/wp-content\/uploads\/2024\/05\/mesaredonda2.jpg\",\"datePublished\":\"2024-05-01T09:48:16+00:00\",\"dateModified\":\"2024-05-14T09:50:55+00:00\",\"breadcrumb\":{\"@id\":\"https:\/\/isde.es\/en\/news\/roundtable-on-amnesty-within-the-framework-of-natural-and-positive-law\/#breadcrumb\"},\"inLanguage\":\"en-US\",\"potentialAction\":[{\"@type\":\"ReadAction\",\"target\":[\"https:\/\/isde.es\/en\/news\/roundtable-on-amnesty-within-the-framework-of-natural-and-positive-law\/\"]}]},{\"@type\":\"ImageObject\",\"inLanguage\":\"en-US\",\"@id\":\"https:\/\/isde.es\/en\/news\/roundtable-on-amnesty-within-the-framework-of-natural-and-positive-law\/#primaryimage\",\"url\":\"https:\/\/isde.es\/wp-content\/uploads\/2024\/05\/mesaredonda2.jpg\",\"contentUrl\":\"https:\/\/isde.es\/wp-content\/uploads\/2024\/05\/mesaredonda2.jpg\",\"width\":1080,\"height\":1080},{\"@type\":\"BreadcrumbList\",\"@id\":\"https:\/\/isde.es\/en\/news\/roundtable-on-amnesty-within-the-framework-of-natural-and-positive-law\/#breadcrumb\",\"itemListElement\":[{\"@type\":\"ListItem\",\"position\":1,\"name\":\"Portada\",\"item\":\"https:\/\/isde.es\/\"},{\"@type\":\"ListItem\",\"position\":2,\"name\":\"Roundtable on \u00abAmnesty within the Framework of Natural and Positive Law\u00bb\"}]},{\"@type\":\"WebSite\",\"@id\":\"https:\/\/isde.es\/#website\",\"url\":\"https:\/\/isde.es\/\",\"name\":\"ISDE\",\"description\":\"Masters de Derecho y Econom\u00eda\",\"publisher\":{\"@id\":\"https:\/\/isde.es\/#organization\"},\"potentialAction\":[{\"@type\":\"SearchAction\",\"target\":{\"@type\":\"EntryPoint\",\"urlTemplate\":\"https:\/\/isde.es\/?s={search_term_string}\"},\"query-input\":{\"@type\":\"PropertyValueSpecification\",\"valueRequired\":true,\"valueName\":\"search_term_string\"}}],\"inLanguage\":\"en-US\"},{\"@type\":\"Organization\",\"@id\":\"https:\/\/isde.es\/#organization\",\"name\":\"ISDE, Law Business School\",\"url\":\"https:\/\/isde.es\/\",\"logo\":{\"@type\":\"ImageObject\",\"inLanguage\":\"en-US\",\"@id\":\"https:\/\/isde.es\/#\/schema\/logo\/image\/\",\"url\":\"https:\/\/isde.es\/wp-content\/uploads\/2018\/10\/logo_isde_header.jpg\",\"contentUrl\":\"https:\/\/isde.es\/wp-content\/uploads\/2018\/10\/logo_isde_header.jpg\",\"width\":134,\"height\":158,\"caption\":\"ISDE, Law Business School\"},\"image\":{\"@id\":\"https:\/\/isde.es\/#\/schema\/logo\/image\/\"},\"sameAs\":[\"https:\/\/www.facebook.com\/DerechoISDE\",\"https:\/\/x.com\/ISDEmasters\"]},{\"@type\":\"Person\",\"@id\":\"https:\/\/isde.es\/#\/schema\/person\/101c5b8a5887e02807b563a6dbe748d4\",\"name\":\"Soporte ISDE\",\"image\":{\"@type\":\"ImageObject\",\"inLanguage\":\"en-US\",\"@id\":\"https:\/\/isde.es\/#\/schema\/person\/image\/\",\"url\":\"https:\/\/secure.gravatar.com\/avatar\/e80eb369c1881182f5e96f50ae69ab734825b75376705aa55a7878469fd3397b?s=96&d=mm&r=g\",\"contentUrl\":\"https:\/\/secure.gravatar.com\/avatar\/e80eb369c1881182f5e96f50ae69ab734825b75376705aa55a7878469fd3397b?s=96&d=mm&r=g\",\"caption\":\"Soporte ISDE\"}}]}<\/script>\n<!-- \/ Yoast SEO Premium plugin. -->","yoast_head_json":{"title":"Roundtable on \"Amnesty within the Framework of Natural and Positive Law\" - ISDE","robots":{"index":"index","follow":"follow","max-snippet":"max-snippet:-1","max-image-preview":"max-image-preview:large","max-video-preview":"max-video-preview:-1"},"canonical":"https:\/\/isde.es\/en\/news\/roundtable-on-amnesty-within-the-framework-of-natural-and-positive-law\/","og_locale":"en_US","og_type":"article","og_title":"Roundtable on \"Amnesty within the Framework of Natural and Positive Law\"","og_description":"Last week, in collaboration with ELSA Madrid, ISDE Madrid had the honor of hosting a crucial roundtable on &#8220;Amnesty within the Framework of Natural and Positive Law.&#8221; This event brought together students, academics, and legal professionals to discuss one of the most complex and debated topics in the legal field. Moderated by the distinguished Jose [&hellip;]","og_url":"https:\/\/isde.es\/en\/news\/roundtable-on-amnesty-within-the-framework-of-natural-and-positive-law\/","og_site_name":"ISDE","article_publisher":"https:\/\/www.facebook.com\/DerechoISDE","article_published_time":"2024-05-01T09:48:16+00:00","article_modified_time":"2024-05-14T09:50:55+00:00","og_image":[{"width":1080,"height":1080,"url":"https:\/\/isde.es\/wp-content\/uploads\/2024\/05\/mesaredonda2.jpg","type":"image\/jpeg"}],"author":"Soporte ISDE","twitter_card":"summary_large_image","twitter_creator":"@ISDEmasters","twitter_site":"@ISDEmasters","twitter_misc":{"Written by":"Soporte ISDE","Est. reading time":"1 minute"},"schema":{"@context":"https:\/\/schema.org","@graph":[{"@type":"Article","@id":"https:\/\/isde.es\/en\/news\/roundtable-on-amnesty-within-the-framework-of-natural-and-positive-law\/#article","isPartOf":{"@id":"https:\/\/isde.es\/en\/news\/roundtable-on-amnesty-within-the-framework-of-natural-and-positive-law\/"},"author":{"name":"Soporte ISDE","@id":"https:\/\/isde.es\/#\/schema\/person\/101c5b8a5887e02807b563a6dbe748d4"},"headline":"Roundtable on &#8220;Amnesty within the Framework of Natural and Positive Law&#8221;","datePublished":"2024-05-01T09:48:16+00:00","dateModified":"2024-05-14T09:50:55+00:00","mainEntityOfPage":{"@id":"https:\/\/isde.es\/en\/news\/roundtable-on-amnesty-within-the-framework-of-natural-and-positive-law\/"},"wordCount":158,"publisher":{"@id":"https:\/\/isde.es\/#organization"},"image":{"@id":"https:\/\/isde.es\/en\/news\/roundtable-on-amnesty-within-the-framework-of-natural-and-positive-law\/#primaryimage"},"thumbnailUrl":"https:\/\/isde.es\/wp-content\/uploads\/2024\/05\/mesaredonda2.jpg","articleSection":["News"],"inLanguage":"en-US"},{"@type":"WebPage","@id":"https:\/\/isde.es\/en\/news\/roundtable-on-amnesty-within-the-framework-of-natural-and-positive-law\/","url":"https:\/\/isde.es\/en\/news\/roundtable-on-amnesty-within-the-framework-of-natural-and-positive-law\/","name":"Roundtable on \"Amnesty within the Framework of Natural and Positive Law\" - ISDE","isPartOf":{"@id":"https:\/\/isde.es\/#website"},"primaryImageOfPage":{"@id":"https:\/\/isde.es\/en\/news\/roundtable-on-amnesty-within-the-framework-of-natural-and-positive-law\/#primaryimage"},"image":{"@id":"https:\/\/isde.es\/en\/news\/roundtable-on-amnesty-within-the-framework-of-natural-and-positive-law\/#primaryimage"},"thumbnailUrl":"https:\/\/isde.es\/wp-content\/uploads\/2024\/05\/mesaredonda2.jpg","datePublished":"2024-05-01T09:48:16+00:00","dateModified":"2024-05-14T09:50:55+00:00","breadcrumb":{"@id":"https:\/\/isde.es\/en\/news\/roundtable-on-amnesty-within-the-framework-of-natural-and-positive-law\/#breadcrumb"},"inLanguage":"en-US","potentialAction":[{"@type":"ReadAction","target":["https:\/\/isde.es\/en\/news\/roundtable-on-amnesty-within-the-framework-of-natural-and-positive-law\/"]}]},{"@type":"ImageObject","inLanguage":"en-US","@id":"https:\/\/isde.es\/en\/news\/roundtable-on-amnesty-within-the-framework-of-natural-and-positive-law\/#primaryimage","url":"https:\/\/isde.es\/wp-content\/uploads\/2024\/05\/mesaredonda2.jpg","contentUrl":"https:\/\/isde.es\/wp-content\/uploads\/2024\/05\/mesaredonda2.jpg","width":1080,"height":1080},{"@type":"BreadcrumbList","@id":"https:\/\/isde.es\/en\/news\/roundtable-on-amnesty-within-the-framework-of-natural-and-positive-law\/#breadcrumb","itemListElement":[{"@type":"ListItem","position":1,"name":"Portada","item":"https:\/\/isde.es\/"},{"@type":"ListItem","position":2,"name":"Roundtable on \u00abAmnesty within the Framework of Natural and Positive Law\u00bb"}]},{"@type":"WebSite","@id":"https:\/\/isde.es\/#website","url":"https:\/\/isde.es\/","name":"ISDE","description":"Masters de Derecho y Econom\u00eda","publisher":{"@id":"https:\/\/isde.es\/#organization"},"potentialAction":[{"@type":"SearchAction","target":{"@type":"EntryPoint","urlTemplate":"https:\/\/isde.es\/?s={search_term_string}"},"query-input":{"@type":"PropertyValueSpecification","valueRequired":true,"valueName":"search_term_string"}}],"inLanguage":"en-US"},{"@type":"Organization","@id":"https:\/\/isde.es\/#organization","name":"ISDE, Law Business School","url":"https:\/\/isde.es\/","logo":{"@type":"ImageObject","inLanguage":"en-US","@id":"https:\/\/isde.es\/#\/schema\/logo\/image\/","url":"https:\/\/isde.es\/wp-content\/uploads\/2018\/10\/logo_isde_header.jpg","contentUrl":"https:\/\/isde.es\/wp-content\/uploads\/2018\/10\/logo_isde_header.jpg","width":134,"height":158,"caption":"ISDE, Law Business School"},"image":{"@id":"https:\/\/isde.es\/#\/schema\/logo\/image\/"},"sameAs":["https:\/\/www.facebook.com\/DerechoISDE","https:\/\/x.com\/ISDEmasters"]},{"@type":"Person","@id":"https:\/\/isde.es\/#\/schema\/person\/101c5b8a5887e02807b563a6dbe748d4","name":"Soporte ISDE","image":{"@type":"ImageObject","inLanguage":"en-US","@id":"https:\/\/isde.es\/#\/schema\/person\/image\/","url":"https:\/\/secure.gravatar.com\/avatar\/e80eb369c1881182f5e96f50ae69ab734825b75376705aa55a7878469fd3397b?s=96&d=mm&r=g","contentUrl":"https:\/\/secure.gravatar.com\/avatar\/e80eb369c1881182f5e96f50ae69ab734825b75376705aa55a7878469fd3397b?s=96&d=mm&r=g","caption":"Soporte ISDE"}}]}},"_links":{"self":[{"href":"https:\/\/isde.es\/en\/wp-json\/wp\/v2\/posts\/68466","targetHints":{"allow":["GET"]}}],"collection":[{"href":"https:\/\/isde.es\/en\/wp-json\/wp\/v2\/posts"}],"about":[{"href":"https:\/\/isde.es\/en\/wp-json\/wp\/v2\/types\/post"}],"author":[{"embeddable":true,"href":"https:\/\/isde.es\/en\/wp-json\/wp\/v2\/users\/1"}],"replies":[{"embeddable":true,"href":"https:\/\/isde.es\/en\/wp-json\/wp\/v2\/comments?post=68466"}],"version-history":[{"count":0,"href":"https:\/\/isde.es\/en\/wp-json\/wp\/v2\/posts\/68466\/revisions"}],"wp:featuredmedia":[{"embeddable":true,"href":"https:\/\/isde.es\/en\/wp-json\/wp\/v2\/media\/68462"}],"wp:attachment":[{"href":"https:\/\/isde.es\/en\/wp-json\/wp\/v2\/media?parent=68466"}],"wp:term":[{"taxonomy":"category","embeddable":true,"href":"https:\/\/isde.es\/en\/wp-json\/wp\/v2\/categories?post=68466"},{"taxonomy":"post_tag","embeddable":true,"href":"https:\/\/isde.es\/en\/wp-json\/wp\/v2\/tags?post=68466"},{"taxonomy":"post_folder","embeddable":true,"href":"https:\/\/isde.es\/en\/wp-json\/wp\/v2\/post_folder?post=68466"}],"curies":[{"name":"wp","href":"https:\/\/api.w.org\/{rel}","templated":true}]}}