{"id":71148,"date":"2024-09-25T08:35:18","date_gmt":"2024-09-25T07:35:18","guid":{"rendered":"https:\/\/isde.es\/?p=71148"},"modified":"2024-12-26T11:56:42","modified_gmt":"2024-12-26T10:56:42","slug":"forum-europe-breakfast-with-javier-tebas","status":"publish","type":"post","link":"https:\/\/isde.es\/en\/news\/forum-europe-breakfast-with-javier-tebas\/","title":{"rendered":"Forum Europe Breakfast with Javier Tebas"},"content":{"rendered":"<p>[vc_row type=&#8221;in_container&#8221; full_screen_row_position=&#8221;middle&#8221; column_margin=&#8221;default&#8221; column_direction=&#8221;default&#8221; column_direction_tablet=&#8221;default&#8221; column_direction_phone=&#8221;default&#8221; scene_position=&#8221;center&#8221; text_color=&#8221;dark&#8221; text_align=&#8221;left&#8221; row_border_radius=&#8221;none&#8221; row_border_radius_applies=&#8221;bg&#8221; overflow=&#8221;visible&#8221; overlay_strength=&#8221;0.3&#8243; gradient_direction=&#8221;left_to_right&#8221; shape_divider_position=&#8221;bottom&#8221; bg_image_animation=&#8221;none&#8221;][vc_column column_padding=&#8221;no-extra-padding&#8221; column_padding_tablet=&#8221;inherit&#8221; column_padding_phone=&#8221;inherit&#8221; column_padding_position=&#8221;all&#8221; column_element_direction_desktop=&#8221;default&#8221; column_element_spacing=&#8221;default&#8221; desktop_text_alignment=&#8221;center&#8221; tablet_text_alignment=&#8221;default&#8221; phone_text_alignment=&#8221;default&#8221; background_color_opacity=&#8221;1&#8243; background_hover_color_opacity=&#8221;1&#8243; column_backdrop_filter=&#8221;none&#8221; column_shadow=&#8221;none&#8221; column_border_radius=&#8221;none&#8221; column_link_target=&#8221;_self&#8221; column_position=&#8221;default&#8221; gradient_direction=&#8221;left_to_right&#8221; overlay_strength=&#8221;0.3&#8243; width=&#8221;1\/1&#8243; tablet_width_inherit=&#8221;default&#8221; animation_type=&#8221;default&#8221; bg_image_animation=&#8221;none&#8221; border_type=&#8221;simple&#8221; column_border_width=&#8221;none&#8221; column_border_style=&#8221;solid&#8221; column_padding_type=&#8221;default&#8221; gradient_type=&#8221;default&#8221;][image_with_animation image_url=&#8221;71149&#8243; image_size=&#8221;large&#8221; animation_type=&#8221;entrance&#8221; animation=&#8221;None&#8221; animation_movement_type=&#8221;transform_y&#8221; hover_animation=&#8221;none&#8221; alignment=&#8221;center&#8221; border_radius=&#8221;none&#8221; box_shadow=&#8221;none&#8221; image_loading=&#8221;default&#8221; max_width=&#8221;100%&#8221; max_width_mobile=&#8221;default&#8221;][vc_column_text]ISDE Law &amp; Business School, represented on this occasion by our Director of Business Development, Germ\u00e1n Ruiz G\u00f3mez, was invited to the breakfast event organized by Nueva Econom\u00eda F\u00f3rum (NEF), with Javier Tebas Medrano, President of LaLiga, as one of the main speakers. This event gathered prominent figures from the world of football and provided an excellent opportunity to exchange ideas and strengthen partnerships in the sports industry.<\/p>\n<p>Such activities not only reinforce our leadership position but also demonstrate the strong ties that ISDE Law &amp; Business School has built with key players in the sports and entertainment industries. A clear example is the ISC Sports Convention, a crucial platform we co-organize with LaLiga, which returns this year with exclusive content for our community.<\/p>\n<p>Register now to be one of the first 100 people to gain free access to all panels of ISC 2024, featuring the most influential leaders in the industry.[\/vc_column_text][nectar_btn size=&#8221;medium&#8221; open_new_tab=&#8221;true&#8221; button_style=&#8221;regular&#8221; button_color_2=&#8221;Accent-Color&#8221; icon_family=&#8221;none&#8221; url=&#8221;https:\/\/landings.isde.es\/isde-sports-convention-en\/&#8221; text=&#8221;\ud83c\udf93 Access the exclusive content of the ISC Sports Convention!&#8221;][\/vc_column][\/vc_row]<\/p>\n","protected":false},"excerpt":{"rendered":"<p>[vc_row type=&#8221;in_container&#8221; full_screen_row_position=&#8221;middle&#8221; column_margin=&#8221;default&#8221; column_direction=&#8221;default&#8221; column_direction_tablet=&#8221;default&#8221; column_direction_phone=&#8221;default&#8221; scene_position=&#8221;center&#8221; text_color=&#8221;dark&#8221; text_align=&#8221;left&#8221; row_border_radius=&#8221;none&#8221; row_border_radius_applies=&#8221;bg&#8221; overflow=&#8221;visible&#8221; overlay_strength=&#8221;0.3&#8243; gradient_direction=&#8221;left_to_right&#8221; shape_divider_position=&#8221;bottom&#8221; bg_image_animation=&#8221;none&#8221;][vc_column column_padding=&#8221;no-extra-padding&#8221; column_padding_tablet=&#8221;inherit&#8221; column_padding_phone=&#8221;inherit&#8221; column_padding_position=&#8221;all&#8221; column_element_direction_desktop=&#8221;default&#8221; column_element_spacing=&#8221;default&#8221; desktop_text_alignment=&#8221;center&#8221; tablet_text_alignment=&#8221;default&#8221; phone_text_alignment=&#8221;default&#8221; background_color_opacity=&#8221;1&#8243; background_hover_color_opacity=&#8221;1&#8243; column_backdrop_filter=&#8221;none&#8221; column_shadow=&#8221;none&#8221; column_border_radius=&#8221;none&#8221; column_link_target=&#8221;_self&#8221; column_position=&#8221;default&#8221; gradient_direction=&#8221;left_to_right&#8221; overlay_strength=&#8221;0.3&#8243; width=&#8221;1\/1&#8243; tablet_width_inherit=&#8221;default&#8221; animation_type=&#8221;default&#8221; bg_image_animation=&#8221;none&#8221; border_type=&#8221;simple&#8221; column_border_width=&#8221;none&#8221; column_border_style=&#8221;solid&#8221; column_padding_type=&#8221;default&#8221; gradient_type=&#8221;default&#8221;][image_with_animation image_url=&#8221;71149&#8243; image_size=&#8221;large&#8221; animation_type=&#8221;entrance&#8221; animation=&#8221;None&#8221; animation_movement_type=&#8221;transform_y&#8221; hover_animation=&#8221;none&#8221; alignment=&#8221;center&#8221; border_radius=&#8221;none&#8221; box_shadow=&#8221;none&#8221; image_loading=&#8221;default&#8221; max_width=&#8221;100%&#8221; [&hellip;]<\/p>\n","protected":false},"author":4,"featured_media":71149,"comment_status":"closed","ping_status":"closed","sticky":false,"template":"","format":"standard","meta":{"_acf_changed":false,"footnotes":""},"categories":[128],"tags":[],"post_folder":[],"class_list":["post-71148","post","type-post","status-publish","format-standard","has-post-thumbnail","hentry","category-news"],"acf":[],"yoast_head":"<!-- This site is optimized with the Yoast SEO Premium plugin v27.1 (Yoast SEO v27.1.1) - https:\/\/yoast.com\/product\/yoast-seo-premium-wordpress\/ -->\n<title>Forum Europe Breakfast with Javier Tebas - ISDE<\/title>\n<meta name=\"robots\" content=\"index, follow, max-snippet:-1, max-image-preview:large, max-video-preview:-1\" \/>\n<link rel=\"canonical\" href=\"https:\/\/isde.es\/noticias\/desayuno-forum-europero-con-javier-tebas\/\" \/>\n<meta property=\"og:locale\" content=\"en_US\" \/>\n<meta property=\"og:type\" content=\"article\" \/>\n<meta property=\"og:title\" content=\"Forum Europe Breakfast with Javier Tebas\" \/>\n<meta property=\"og:description\" content=\"[vc_row type=&#8221;in_container&#8221; full_screen_row_position=&#8221;middle&#8221; column_margin=&#8221;default&#8221; column_direction=&#8221;default&#8221; column_direction_tablet=&#8221;default&#8221; column_direction_phone=&#8221;default&#8221; scene_position=&#8221;center&#8221; text_color=&#8221;dark&#8221; text_align=&#8221;left&#8221; row_border_radius=&#8221;none&#8221; row_border_radius_applies=&#8221;bg&#8221; overflow=&#8221;visible&#8221; overlay_strength=&#8221;0.3&#8243; gradient_direction=&#8221;left_to_right&#8221; shape_divider_position=&#8221;bottom&#8221; bg_image_animation=&#8221;none&#8221;][vc_column column_padding=&#8221;no-extra-padding&#8221; column_padding_tablet=&#8221;inherit&#8221; column_padding_phone=&#8221;inherit&#8221; column_padding_position=&#8221;all&#8221; column_element_direction_desktop=&#8221;default&#8221; column_element_spacing=&#8221;default&#8221; desktop_text_alignment=&#8221;center&#8221; tablet_text_alignment=&#8221;default&#8221; phone_text_alignment=&#8221;default&#8221; background_color_opacity=&#8221;1&#8243; background_hover_color_opacity=&#8221;1&#8243; column_backdrop_filter=&#8221;none&#8221; column_shadow=&#8221;none&#8221; column_border_radius=&#8221;none&#8221; column_link_target=&#8221;_self&#8221; column_position=&#8221;default&#8221; gradient_direction=&#8221;left_to_right&#8221; overlay_strength=&#8221;0.3&#8243; width=&#8221;1\/1&#8243; tablet_width_inherit=&#8221;default&#8221; animation_type=&#8221;default&#8221; bg_image_animation=&#8221;none&#8221; border_type=&#8221;simple&#8221; column_border_width=&#8221;none&#8221; column_border_style=&#8221;solid&#8221; column_padding_type=&#8221;default&#8221; gradient_type=&#8221;default&#8221;][image_with_animation image_url=&#8221;71149&#8243; image_size=&#8221;large&#8221; animation_type=&#8221;entrance&#8221; animation=&#8221;None&#8221; animation_movement_type=&#8221;transform_y&#8221; hover_animation=&#8221;none&#8221; alignment=&#8221;center&#8221; border_radius=&#8221;none&#8221; box_shadow=&#8221;none&#8221; image_loading=&#8221;default&#8221; max_width=&#8221;100%&#8221; [&hellip;]\" \/>\n<meta property=\"og:url\" content=\"https:\/\/isde.es\/noticias\/desayuno-forum-europero-con-javier-tebas\/\" \/>\n<meta property=\"og:site_name\" content=\"ISDE\" \/>\n<meta property=\"article:publisher\" content=\"https:\/\/www.facebook.com\/DerechoISDE\" \/>\n<meta property=\"article:published_time\" content=\"2024-09-25T07:35:18+00:00\" \/>\n<meta property=\"article:modified_time\" content=\"2024-12-26T10:56:42+00:00\" \/>\n<meta property=\"og:image\" content=\"https:\/\/isde.es\/wp-content\/uploads\/2024\/09\/1727116895345-e1727249379684.jpeg\" \/>\n\t<meta property=\"og:image:width\" content=\"480\" \/>\n\t<meta property=\"og:image:height\" content=\"379\" \/>\n\t<meta property=\"og:image:type\" content=\"image\/jpeg\" \/>\n<meta name=\"author\" content=\"support\" \/>\n<meta name=\"twitter:card\" content=\"summary_large_image\" \/>\n<meta name=\"twitter:creator\" content=\"@ISDEmasters\" \/>\n<meta name=\"twitter:site\" content=\"@ISDEmasters\" \/>\n<meta name=\"twitter:label1\" content=\"Written by\" \/>\n\t<meta name=\"twitter:data1\" content=\"support\" \/>\n\t<meta name=\"twitter:label2\" content=\"Est. reading time\" \/>\n\t<meta name=\"twitter:data2\" content=\"2 minutes\" \/>\n<script type=\"application\/ld+json\" class=\"yoast-schema-graph\">{\"@context\":\"https:\/\/schema.org\",\"@graph\":[{\"@type\":\"Article\",\"@id\":\"https:\/\/isde.es\/noticias\/desayuno-forum-europero-con-javier-tebas\/#article\",\"isPartOf\":{\"@id\":\"https:\/\/isde.es\/noticias\/desayuno-forum-europero-con-javier-tebas\/\"},\"author\":{\"name\":\"support\",\"@id\":\"https:\/\/isde.es\/#\/schema\/person\/f303351b1259bc39b48a5d72e74f6d5d\"},\"headline\":\"Forum Europe Breakfast with Javier Tebas\",\"datePublished\":\"2024-09-25T07:35:18+00:00\",\"dateModified\":\"2024-12-26T10:56:42+00:00\",\"mainEntityOfPage\":{\"@id\":\"https:\/\/isde.es\/noticias\/desayuno-forum-europero-con-javier-tebas\/\"},\"wordCount\":400,\"publisher\":{\"@id\":\"https:\/\/isde.es\/#organization\"},\"image\":{\"@id\":\"https:\/\/isde.es\/noticias\/desayuno-forum-europero-con-javier-tebas\/#primaryimage\"},\"thumbnailUrl\":\"https:\/\/isde.es\/wp-content\/uploads\/2024\/09\/1727116895345-e1727249379684.jpeg\",\"articleSection\":[\"News\"],\"inLanguage\":\"en-US\"},{\"@type\":\"WebPage\",\"@id\":\"https:\/\/isde.es\/noticias\/desayuno-forum-europero-con-javier-tebas\/\",\"url\":\"https:\/\/isde.es\/noticias\/desayuno-forum-europero-con-javier-tebas\/\",\"name\":\"Forum Europe Breakfast with Javier Tebas - ISDE\",\"isPartOf\":{\"@id\":\"https:\/\/isde.es\/#website\"},\"primaryImageOfPage\":{\"@id\":\"https:\/\/isde.es\/noticias\/desayuno-forum-europero-con-javier-tebas\/#primaryimage\"},\"image\":{\"@id\":\"https:\/\/isde.es\/noticias\/desayuno-forum-europero-con-javier-tebas\/#primaryimage\"},\"thumbnailUrl\":\"https:\/\/isde.es\/wp-content\/uploads\/2024\/09\/1727116895345-e1727249379684.jpeg\",\"datePublished\":\"2024-09-25T07:35:18+00:00\",\"dateModified\":\"2024-12-26T10:56:42+00:00\",\"breadcrumb\":{\"@id\":\"https:\/\/isde.es\/noticias\/desayuno-forum-europero-con-javier-tebas\/#breadcrumb\"},\"inLanguage\":\"en-US\",\"potentialAction\":[{\"@type\":\"ReadAction\",\"target\":[\"https:\/\/isde.es\/noticias\/desayuno-forum-europero-con-javier-tebas\/\"]}]},{\"@type\":\"ImageObject\",\"inLanguage\":\"en-US\",\"@id\":\"https:\/\/isde.es\/noticias\/desayuno-forum-europero-con-javier-tebas\/#primaryimage\",\"url\":\"https:\/\/isde.es\/wp-content\/uploads\/2024\/09\/1727116895345-e1727249379684.jpeg\",\"contentUrl\":\"https:\/\/isde.es\/wp-content\/uploads\/2024\/09\/1727116895345-e1727249379684.jpeg\",\"width\":480,\"height\":379,\"caption\":\"1727116895345\"},{\"@type\":\"BreadcrumbList\",\"@id\":\"https:\/\/isde.es\/noticias\/desayuno-forum-europero-con-javier-tebas\/#breadcrumb\",\"itemListElement\":[{\"@type\":\"ListItem\",\"position\":1,\"name\":\"Portada\",\"item\":\"https:\/\/isde.es\/\"},{\"@type\":\"ListItem\",\"position\":2,\"name\":\"Forum Europe Breakfast with Javier Tebas\"}]},{\"@type\":\"WebSite\",\"@id\":\"https:\/\/isde.es\/#website\",\"url\":\"https:\/\/isde.es\/\",\"name\":\"ISDE\",\"description\":\"Masters de Derecho y Econom\u00eda\",\"publisher\":{\"@id\":\"https:\/\/isde.es\/#organization\"},\"potentialAction\":[{\"@type\":\"SearchAction\",\"target\":{\"@type\":\"EntryPoint\",\"urlTemplate\":\"https:\/\/isde.es\/?s={search_term_string}\"},\"query-input\":{\"@type\":\"PropertyValueSpecification\",\"valueRequired\":true,\"valueName\":\"search_term_string\"}}],\"inLanguage\":\"en-US\"},{\"@type\":\"Organization\",\"@id\":\"https:\/\/isde.es\/#organization\",\"name\":\"ISDE, Law Business School\",\"url\":\"https:\/\/isde.es\/\",\"logo\":{\"@type\":\"ImageObject\",\"inLanguage\":\"en-US\",\"@id\":\"https:\/\/isde.es\/#\/schema\/logo\/image\/\",\"url\":\"https:\/\/isde.es\/wp-content\/uploads\/2018\/10\/logo_isde_header.jpg\",\"contentUrl\":\"https:\/\/isde.es\/wp-content\/uploads\/2018\/10\/logo_isde_header.jpg\",\"width\":134,\"height\":158,\"caption\":\"ISDE, Law Business School\"},\"image\":{\"@id\":\"https:\/\/isde.es\/#\/schema\/logo\/image\/\"},\"sameAs\":[\"https:\/\/www.facebook.com\/DerechoISDE\",\"https:\/\/x.com\/ISDEmasters\"]},{\"@type\":\"Person\",\"@id\":\"https:\/\/isde.es\/#\/schema\/person\/f303351b1259bc39b48a5d72e74f6d5d\",\"name\":\"support\",\"image\":{\"@type\":\"ImageObject\",\"inLanguage\":\"en-US\",\"@id\":\"https:\/\/isde.es\/#\/schema\/person\/image\/\",\"url\":\"https:\/\/secure.gravatar.com\/avatar\/3005ceda46bca142abeeeecb8792feb1794c09ce414e8ce54c665ee4c6ee5d24?s=96&d=mm&r=g\",\"contentUrl\":\"https:\/\/secure.gravatar.com\/avatar\/3005ceda46bca142abeeeecb8792feb1794c09ce414e8ce54c665ee4c6ee5d24?s=96&d=mm&r=g\",\"caption\":\"support\"}}]}<\/script>\n<!-- \/ Yoast SEO Premium plugin. -->","yoast_head_json":{"title":"Forum Europe Breakfast with Javier Tebas - ISDE","robots":{"index":"index","follow":"follow","max-snippet":"max-snippet:-1","max-image-preview":"max-image-preview:large","max-video-preview":"max-video-preview:-1"},"canonical":"https:\/\/isde.es\/noticias\/desayuno-forum-europero-con-javier-tebas\/","og_locale":"en_US","og_type":"article","og_title":"Forum Europe Breakfast with Javier Tebas","og_description":"[vc_row type=&#8221;in_container&#8221; full_screen_row_position=&#8221;middle&#8221; column_margin=&#8221;default&#8221; column_direction=&#8221;default&#8221; column_direction_tablet=&#8221;default&#8221; column_direction_phone=&#8221;default&#8221; scene_position=&#8221;center&#8221; text_color=&#8221;dark&#8221; text_align=&#8221;left&#8221; row_border_radius=&#8221;none&#8221; row_border_radius_applies=&#8221;bg&#8221; overflow=&#8221;visible&#8221; overlay_strength=&#8221;0.3&#8243; gradient_direction=&#8221;left_to_right&#8221; shape_divider_position=&#8221;bottom&#8221; bg_image_animation=&#8221;none&#8221;][vc_column column_padding=&#8221;no-extra-padding&#8221; column_padding_tablet=&#8221;inherit&#8221; column_padding_phone=&#8221;inherit&#8221; column_padding_position=&#8221;all&#8221; column_element_direction_desktop=&#8221;default&#8221; column_element_spacing=&#8221;default&#8221; desktop_text_alignment=&#8221;center&#8221; tablet_text_alignment=&#8221;default&#8221; phone_text_alignment=&#8221;default&#8221; background_color_opacity=&#8221;1&#8243; background_hover_color_opacity=&#8221;1&#8243; column_backdrop_filter=&#8221;none&#8221; column_shadow=&#8221;none&#8221; column_border_radius=&#8221;none&#8221; column_link_target=&#8221;_self&#8221; column_position=&#8221;default&#8221; gradient_direction=&#8221;left_to_right&#8221; overlay_strength=&#8221;0.3&#8243; width=&#8221;1\/1&#8243; tablet_width_inherit=&#8221;default&#8221; animation_type=&#8221;default&#8221; bg_image_animation=&#8221;none&#8221; border_type=&#8221;simple&#8221; column_border_width=&#8221;none&#8221; column_border_style=&#8221;solid&#8221; column_padding_type=&#8221;default&#8221; gradient_type=&#8221;default&#8221;][image_with_animation image_url=&#8221;71149&#8243; image_size=&#8221;large&#8221; animation_type=&#8221;entrance&#8221; animation=&#8221;None&#8221; animation_movement_type=&#8221;transform_y&#8221; hover_animation=&#8221;none&#8221; alignment=&#8221;center&#8221; border_radius=&#8221;none&#8221; box_shadow=&#8221;none&#8221; image_loading=&#8221;default&#8221; max_width=&#8221;100%&#8221; [&hellip;]","og_url":"https:\/\/isde.es\/noticias\/desayuno-forum-europero-con-javier-tebas\/","og_site_name":"ISDE","article_publisher":"https:\/\/www.facebook.com\/DerechoISDE","article_published_time":"2024-09-25T07:35:18+00:00","article_modified_time":"2024-12-26T10:56:42+00:00","og_image":[{"width":480,"height":379,"url":"https:\/\/isde.es\/wp-content\/uploads\/2024\/09\/1727116895345-e1727249379684.jpeg","type":"image\/jpeg"}],"author":"support","twitter_card":"summary_large_image","twitter_creator":"@ISDEmasters","twitter_site":"@ISDEmasters","twitter_misc":{"Written by":"support","Est. reading time":"2 minutes"},"schema":{"@context":"https:\/\/schema.org","@graph":[{"@type":"Article","@id":"https:\/\/isde.es\/noticias\/desayuno-forum-europero-con-javier-tebas\/#article","isPartOf":{"@id":"https:\/\/isde.es\/noticias\/desayuno-forum-europero-con-javier-tebas\/"},"author":{"name":"support","@id":"https:\/\/isde.es\/#\/schema\/person\/f303351b1259bc39b48a5d72e74f6d5d"},"headline":"Forum Europe Breakfast with Javier Tebas","datePublished":"2024-09-25T07:35:18+00:00","dateModified":"2024-12-26T10:56:42+00:00","mainEntityOfPage":{"@id":"https:\/\/isde.es\/noticias\/desayuno-forum-europero-con-javier-tebas\/"},"wordCount":400,"publisher":{"@id":"https:\/\/isde.es\/#organization"},"image":{"@id":"https:\/\/isde.es\/noticias\/desayuno-forum-europero-con-javier-tebas\/#primaryimage"},"thumbnailUrl":"https:\/\/isde.es\/wp-content\/uploads\/2024\/09\/1727116895345-e1727249379684.jpeg","articleSection":["News"],"inLanguage":"en-US"},{"@type":"WebPage","@id":"https:\/\/isde.es\/noticias\/desayuno-forum-europero-con-javier-tebas\/","url":"https:\/\/isde.es\/noticias\/desayuno-forum-europero-con-javier-tebas\/","name":"Forum Europe Breakfast with Javier Tebas - ISDE","isPartOf":{"@id":"https:\/\/isde.es\/#website"},"primaryImageOfPage":{"@id":"https:\/\/isde.es\/noticias\/desayuno-forum-europero-con-javier-tebas\/#primaryimage"},"image":{"@id":"https:\/\/isde.es\/noticias\/desayuno-forum-europero-con-javier-tebas\/#primaryimage"},"thumbnailUrl":"https:\/\/isde.es\/wp-content\/uploads\/2024\/09\/1727116895345-e1727249379684.jpeg","datePublished":"2024-09-25T07:35:18+00:00","dateModified":"2024-12-26T10:56:42+00:00","breadcrumb":{"@id":"https:\/\/isde.es\/noticias\/desayuno-forum-europero-con-javier-tebas\/#breadcrumb"},"inLanguage":"en-US","potentialAction":[{"@type":"ReadAction","target":["https:\/\/isde.es\/noticias\/desayuno-forum-europero-con-javier-tebas\/"]}]},{"@type":"ImageObject","inLanguage":"en-US","@id":"https:\/\/isde.es\/noticias\/desayuno-forum-europero-con-javier-tebas\/#primaryimage","url":"https:\/\/isde.es\/wp-content\/uploads\/2024\/09\/1727116895345-e1727249379684.jpeg","contentUrl":"https:\/\/isde.es\/wp-content\/uploads\/2024\/09\/1727116895345-e1727249379684.jpeg","width":480,"height":379,"caption":"1727116895345"},{"@type":"BreadcrumbList","@id":"https:\/\/isde.es\/noticias\/desayuno-forum-europero-con-javier-tebas\/#breadcrumb","itemListElement":[{"@type":"ListItem","position":1,"name":"Portada","item":"https:\/\/isde.es\/"},{"@type":"ListItem","position":2,"name":"Forum Europe Breakfast with Javier Tebas"}]},{"@type":"WebSite","@id":"https:\/\/isde.es\/#website","url":"https:\/\/isde.es\/","name":"ISDE","description":"Masters de Derecho y Econom\u00eda","publisher":{"@id":"https:\/\/isde.es\/#organization"},"potentialAction":[{"@type":"SearchAction","target":{"@type":"EntryPoint","urlTemplate":"https:\/\/isde.es\/?s={search_term_string}"},"query-input":{"@type":"PropertyValueSpecification","valueRequired":true,"valueName":"search_term_string"}}],"inLanguage":"en-US"},{"@type":"Organization","@id":"https:\/\/isde.es\/#organization","name":"ISDE, Law Business School","url":"https:\/\/isde.es\/","logo":{"@type":"ImageObject","inLanguage":"en-US","@id":"https:\/\/isde.es\/#\/schema\/logo\/image\/","url":"https:\/\/isde.es\/wp-content\/uploads\/2018\/10\/logo_isde_header.jpg","contentUrl":"https:\/\/isde.es\/wp-content\/uploads\/2018\/10\/logo_isde_header.jpg","width":134,"height":158,"caption":"ISDE, Law Business School"},"image":{"@id":"https:\/\/isde.es\/#\/schema\/logo\/image\/"},"sameAs":["https:\/\/www.facebook.com\/DerechoISDE","https:\/\/x.com\/ISDEmasters"]},{"@type":"Person","@id":"https:\/\/isde.es\/#\/schema\/person\/f303351b1259bc39b48a5d72e74f6d5d","name":"support","image":{"@type":"ImageObject","inLanguage":"en-US","@id":"https:\/\/isde.es\/#\/schema\/person\/image\/","url":"https:\/\/secure.gravatar.com\/avatar\/3005ceda46bca142abeeeecb8792feb1794c09ce414e8ce54c665ee4c6ee5d24?s=96&d=mm&r=g","contentUrl":"https:\/\/secure.gravatar.com\/avatar\/3005ceda46bca142abeeeecb8792feb1794c09ce414e8ce54c665ee4c6ee5d24?s=96&d=mm&r=g","caption":"support"}}]}},"_links":{"self":[{"href":"https:\/\/isde.es\/en\/wp-json\/wp\/v2\/posts\/71148","targetHints":{"allow":["GET"]}}],"collection":[{"href":"https:\/\/isde.es\/en\/wp-json\/wp\/v2\/posts"}],"about":[{"href":"https:\/\/isde.es\/en\/wp-json\/wp\/v2\/types\/post"}],"author":[{"embeddable":true,"href":"https:\/\/isde.es\/en\/wp-json\/wp\/v2\/users\/4"}],"replies":[{"embeddable":true,"href":"https:\/\/isde.es\/en\/wp-json\/wp\/v2\/comments?post=71148"}],"version-history":[{"count":0,"href":"https:\/\/isde.es\/en\/wp-json\/wp\/v2\/posts\/71148\/revisions"}],"wp:featuredmedia":[{"embeddable":true,"href":"https:\/\/isde.es\/en\/wp-json\/wp\/v2\/media\/71149"}],"wp:attachment":[{"href":"https:\/\/isde.es\/en\/wp-json\/wp\/v2\/media?parent=71148"}],"wp:term":[{"taxonomy":"category","embeddable":true,"href":"https:\/\/isde.es\/en\/wp-json\/wp\/v2\/categories?post=71148"},{"taxonomy":"post_tag","embeddable":true,"href":"https:\/\/isde.es\/en\/wp-json\/wp\/v2\/tags?post=71148"},{"taxonomy":"post_folder","embeddable":true,"href":"https:\/\/isde.es\/en\/wp-json\/wp\/v2\/post_folder?post=71148"}],"curies":[{"name":"wp","href":"https:\/\/api.w.org\/{rel}","templated":true}]}}