{"id":8113,"date":"2009-11-11T21:03:59","date_gmt":"2009-11-11T21:03:59","guid":{"rendered":"https:\/\/isde.es\/en\/news\/president-chairing-conference-organised-isde-madrid\/"},"modified":"2019-10-10T12:34:55","modified_gmt":"2019-10-10T12:34:55","slug":"president-chairing-conference-organised-isde-madrid","status":"publish","type":"post","link":"https:\/\/isde.es\/en\/news\/president-chairing-conference-organised-isde-madrid\/","title":{"rendered":"The President of the chairing a Conference organised by ISDE in Madrid"},"content":{"rendered":"<p>[fusion_builder_container admin_label=&#8221;Content&#8221; hundred_percent=&#8221;no&#8221; equal_height_columns=&#8221;no&#8221; menu_anchor=&#8221;&#8221; hide_on_mobile=&#8221;no&#8221; class=&#8221;&#8221; id=&#8221;&#8221; background_color=&#8221;&#8221; background_image=&#8221;&#8221; background_position=&#8221;left top&#8221; background_repeat=&#8221;no-repeat&#8221; fade=&#8221;no&#8221; background_parallax=&#8221;none&#8221; enable_mobile=&#8221;no&#8221; parallax_speed=&#8221;0.3&#8243; video_mp4=&#8221;&#8221; video_webm=&#8221;&#8221; video_ogv=&#8221;&#8221; video_url=&#8221;&#8221; video_aspect_ratio=&#8221;16:9&#8243; video_loop=&#8221;yes&#8221; video_mute=&#8221;yes&#8221; video_preview_image=&#8221;&#8221; border_size=&#8221;0px&#8221; border_color=&#8221;&#8221; border_style=&#8221;solid&#8221; margin_top=&#8221;&#8221; margin_bottom=&#8221;&#8221; padding_top=&#8221;&#8221; padding_right=&#8221;&#8221; padding_bottom=&#8221;80px&#8221; padding_left=&#8221;&#8221;][fusion_builder_row][fusion_builder_column type=&#8221;1_1&#8243; layout=&#8221;2_3&#8243; spacing=&#8221;5%&#8221; center_content=&#8221;no&#8221; link=&#8221;&#8221; target=&#8221;_self&#8221; min_height=&#8221;&#8221; hide_on_mobile=&#8221;no&#8221; class=&#8221;&#8221; id=&#8221;&#8221; background_color=&#8221;&#8221; background_image=&#8221;&#8221; background_position=&#8221;left top&#8221; undefined=&#8221;&#8221; background_repeat=&#8221;no-repeat&#8221; hover_type=&#8221;none&#8221; border_size=&#8221;0&#8243; border_color=&#8221;&#8221; border_style=&#8221;solid&#8221; border_position=&#8221;all&#8221; padding_top=&#8221;&#8221; padding_right=&#8221;&#8221; padding_bottom=&#8221;&#8221; padding_left=&#8221;&#8221; margin_top=&#8221;0px&#8221; margin_bottom=&#8221;40px&#8221; animation_type=&#8221;&#8221; animation_direction=&#8221;left&#8221; animation_speed=&#8221;0.1&#8243; animation_offset=&#8221;&#8221; last=&#8221;no&#8221;][fusion_text columns=&#8221;&#8221; column_min_width=&#8221;&#8221; column_spacing=&#8221;&#8221; rule_style=&#8221;default&#8221; rule_size=&#8221;&#8221; rule_color=&#8221;&#8221; class=&#8221;&#8221; id=&#8221;&#8221;]<\/p>\n<p>Mino Auletta, President of the Court of Arbitration for Sport (CAS) chaired the event organized by ISDE and the Madrid Bar Association (ICAM), to present the institution that he represents \u2018Tribunal Arbitral du Sport &#8211; Court of Arbitration for Sport\u2019.<\/p>\n<p>Jos\u00e9 Luis Astiazar\u00e1n, President of the Spanish Football League (LFP), Javier Tebas, LFP Vice-President and Carlos del Campo, LFP Secretary General, amongst other, attended to the event that counted, as speakers, with well known professionals reference in the international sports law field:<\/p>\n<p>[\/fusion_text][fusion_separator style_type=&#8221;default&#8221; hide_on_mobile=&#8221;small-visibility,medium-visibility,large-visibility&#8221; class=&#8221;&#8221; id=&#8221;&#8221; sep_color=&#8221;&#8221; top_margin=&#8221;15px&#8221; bottom_margin=&#8221;&#8221; border_size=&#8221;&#8221; icon=&#8221;&#8221; icon_circle=&#8221;&#8221; icon_circle_color=&#8221;&#8221; width=&#8221;&#8221; alignment=&#8221;center&#8221; \/][fusion_imageframe image_id=&#8221;8114&#8243; max_width=&#8221;&#8221; style_type=&#8221;none&#8221; stylecolor=&#8221;&#8221; hover_type=&#8221;zoomin&#8221; bordersize=&#8221;&#8221; bordercolor=&#8221;&#8221; borderradius=&#8221;&#8221; align=&#8221;center&#8221; lightbox=&#8221;yes&#8221; gallery_id=&#8221;&#8221; lightbox_image=&#8221;&#8221; alt=&#8221;&#8221; link=&#8221;https:\/\/themeforest.net\/item\/avada-responsive-multipurpose-theme\/2833226?ref=ThemeFusion&#8221; linktarget=&#8221;_blank&#8221; hide_on_mobile=&#8221;small-visibility,medium-visibility,large-visibility&#8221; class=&#8221;&#8221; id=&#8221;&#8221; animation_type=&#8221;&#8221; animation_direction=&#8221;left&#8221; animation_speed=&#8221;0.3&#8243; animation_offset=&#8221;&#8221;]https:\/\/isde.es\/wp-content\/uploads\/2009\/11\/img_nid_1050_1.png[\/fusion_imageframe][fusion_separator style_type=&#8221;default&#8221; hide_on_mobile=&#8221;small-visibility,medium-visibility,large-visibility&#8221; class=&#8221;&#8221; id=&#8221;&#8221; sep_color=&#8221;&#8221; top_margin=&#8221;25px&#8221; bottom_margin=&#8221;&#8221; border_size=&#8221;&#8221; icon=&#8221;&#8221; icon_circle=&#8221;&#8221; icon_circle_color=&#8221;&#8221; width=&#8221;&#8221; alignment=&#8221;center&#8221; \/][fusion_text columns=&#8221;&#8221; column_min_width=&#8221;&#8221; column_spacing=&#8221;&#8221; rule_style=&#8221;default&#8221; rule_size=&#8221;&#8221; rule_color=&#8221;&#8221; class=&#8221;&#8221; id=&#8221;&#8221;]<\/p>\n<p>Mino Auletta, President of the Court of Arbitration for Sport (CAS) chaired the event organized by ISDE and the Madrid Bar Association (ICAM), to present the institution that he represents \u2018Tribunal Arbitral du Sport &#8211; Court of Arbitration for Sport\u2019.<\/p>\n<p>Jos\u00e9 Luis Astiazar\u00e1n, President of the Spanish Football League (LFP), Javier Tebas, LFP Vice-President and Carlos del Campo, LFP Secretary General, amongst other, attended to the event that counted, as speakers, with well known professionals reference in the international sports law field:<\/p>\n<p>Matthieu Reeb \u2013 Secretary General of the CAS<br \/>\nMino Auletta \u2013 President of the CAS<br \/>\nAntonio Hern\u00e1ndez-Gil \u00c1lvarez-Cienfuegos \u2013 Dean of Madrid Bar Association<br \/>\nCarlota Castrejana \u2013 Sports Managing Director of Madrid County<\/p>\n<p>Mino Auletta is the President of an Institution that looks for the excellence by solving disputes quickly and by offering to the clients specialized Arbitrators in any sport. In 2008, the CAS reached the record by solving 318 cases. 60% of the arbitrations are related to the football, 30% are associated to doping and the remaining ones are linked to competence, legitimacy and nationality.<\/p>\n<p>The President of the CAS also said to IUSPORT, in relation to the history and future of the institution, that \u2018Juan Antonio Samaranch was the main precursor on the foundation of the TAS\u2019. He also added up that \u2018Currently, this organization is accepted everywhere and he reminded the high number of cases solved by them during 2008\u2019.<\/p>\n<p>After the event, the speakers had lunch along with Alejandro Blanco, President of the Spanish Olympic Committee, Juan Jos\u00e9 S\u00e1nchez Puig, Managing Director of ISDE, Jos\u00e9 Juan Pint\u00f3,\u00a0CEO\u00a0of Pint\u00f3 Ruiz,\u00a0Lucas Ferrer, Attorney-at-Law. TAS Legal Adviser and Jos\u00e9 Mar\u00eda Alonso, President of the Court of Arbitration of the Madrid Bar Association.<br \/>\n[\/fusion_text][fusion_separator style_type=&#8221;default&#8221; hide_on_mobile=&#8221;small-visibility,medium-visibility,large-visibility&#8221; class=&#8221;&#8221; id=&#8221;&#8221; sep_color=&#8221;&#8221; top_margin=&#8221;5px&#8221; bottom_margin=&#8221;&#8221; border_size=&#8221;&#8221; icon=&#8221;&#8221; icon_circle=&#8221;&#8221; icon_circle_color=&#8221;&#8221; width=&#8221;&#8221; alignment=&#8221;center&#8221; \/][\/fusion_builder_column][\/fusion_builder_row][\/fusion_builder_container]<\/p>\n","protected":false},"excerpt":{"rendered":"<p>[fusion_builder_container admin_label=&#8221;Content&#8221; hundred_percent=&#8221;no&#8221; equal_height_columns=&#8221;no&#8221; menu_anchor=&#8221;&#8221; hide_on_mobile=&#8221;no&#8221; class=&#8221;&#8221; id=&#8221;&#8221; background_color=&#8221;&#8221; background_image=&#8221;&#8221; background_position=&#8221;left top&#8221; background_repeat=&#8221;no-repeat&#8221; fade=&#8221;no&#8221; background_parallax=&#8221;none&#8221; enable_mobile=&#8221;no&#8221; parallax_speed=&#8221;0.3&#8243; video_mp4=&#8221;&#8221; video_webm=&#8221;&#8221; video_ogv=&#8221;&#8221; video_url=&#8221;&#8221; video_aspect_ratio=&#8221;16:9&#8243; video_loop=&#8221;yes&#8221; video_mute=&#8221;yes&#8221; video_preview_image=&#8221;&#8221; border_size=&#8221;0px&#8221; border_color=&#8221;&#8221; border_style=&#8221;solid&#8221; margin_top=&#8221;&#8221; margin_bottom=&#8221;&#8221; padding_top=&#8221;&#8221; padding_right=&#8221;&#8221; padding_bottom=&#8221;80px&#8221; padding_left=&#8221;&#8221;][fusion_builder_row][fusion_builder_column type=&#8221;1_1&#8243; layout=&#8221;2_3&#8243; spacing=&#8221;5%&#8221; center_content=&#8221;no&#8221; link=&#8221;&#8221; target=&#8221;_self&#8221; min_height=&#8221;&#8221; hide_on_mobile=&#8221;no&#8221; class=&#8221;&#8221; id=&#8221;&#8221; background_color=&#8221;&#8221; background_image=&#8221;&#8221; background_position=&#8221;left top&#8221; undefined=&#8221;&#8221; background_repeat=&#8221;no-repeat&#8221; hover_type=&#8221;none&#8221; border_size=&#8221;0&#8243; border_color=&#8221;&#8221; border_style=&#8221;solid&#8221; border_position=&#8221;all&#8221; [&hellip;]<\/p>\n","protected":false},"author":1,"featured_media":8114,"comment_status":"open","ping_status":"open","sticky":false,"template":"","format":"standard","meta":{"_acf_changed":false,"footnotes":""},"categories":[128],"tags":[],"post_folder":[],"class_list":["post-8113","post","type-post","status-publish","format-standard","has-post-thumbnail","hentry","category-news"],"acf":[],"yoast_head":"<!-- This site is optimized with the Yoast SEO Premium plugin v27.1 (Yoast SEO v27.1.1) - https:\/\/yoast.com\/product\/yoast-seo-premium-wordpress\/ -->\n<title>The President of the chairing a Conference organised by ISDE in Madrid - ISDE<\/title>\n<meta name=\"robots\" content=\"index, follow, max-snippet:-1, max-image-preview:large, max-video-preview:-1\" \/>\n<link rel=\"canonical\" href=\"https:\/\/isde.es\/en\/news\/president-chairing-conference-organised-isde-madrid\/\" \/>\n<meta property=\"og:locale\" content=\"en_US\" \/>\n<meta property=\"og:type\" content=\"article\" \/>\n<meta property=\"og:title\" content=\"The President of the chairing a Conference organised by ISDE in Madrid\" \/>\n<meta property=\"og:description\" content=\"[fusion_builder_container admin_label=&#8221;Content&#8221; hundred_percent=&#8221;no&#8221; equal_height_columns=&#8221;no&#8221; menu_anchor=&#8221;&#8221; hide_on_mobile=&#8221;no&#8221; class=&#8221;&#8221; id=&#8221;&#8221; background_color=&#8221;&#8221; background_image=&#8221;&#8221; background_position=&#8221;left top&#8221; background_repeat=&#8221;no-repeat&#8221; fade=&#8221;no&#8221; background_parallax=&#8221;none&#8221; enable_mobile=&#8221;no&#8221; parallax_speed=&#8221;0.3&#8243; video_mp4=&#8221;&#8221; video_webm=&#8221;&#8221; video_ogv=&#8221;&#8221; video_url=&#8221;&#8221; video_aspect_ratio=&#8221;16:9&#8243; video_loop=&#8221;yes&#8221; video_mute=&#8221;yes&#8221; video_preview_image=&#8221;&#8221; border_size=&#8221;0px&#8221; border_color=&#8221;&#8221; border_style=&#8221;solid&#8221; margin_top=&#8221;&#8221; margin_bottom=&#8221;&#8221; padding_top=&#8221;&#8221; padding_right=&#8221;&#8221; padding_bottom=&#8221;80px&#8221; padding_left=&#8221;&#8221;][fusion_builder_row][fusion_builder_column type=&#8221;1_1&#8243; layout=&#8221;2_3&#8243; spacing=&#8221;5%&#8221; center_content=&#8221;no&#8221; link=&#8221;&#8221; target=&#8221;_self&#8221; min_height=&#8221;&#8221; hide_on_mobile=&#8221;no&#8221; class=&#8221;&#8221; id=&#8221;&#8221; background_color=&#8221;&#8221; background_image=&#8221;&#8221; background_position=&#8221;left top&#8221; undefined=&#8221;&#8221; background_repeat=&#8221;no-repeat&#8221; hover_type=&#8221;none&#8221; border_size=&#8221;0&#8243; border_color=&#8221;&#8221; border_style=&#8221;solid&#8221; border_position=&#8221;all&#8221; [&hellip;]\" \/>\n<meta property=\"og:url\" content=\"https:\/\/isde.es\/en\/news\/president-chairing-conference-organised-isde-madrid\/\" \/>\n<meta property=\"og:site_name\" content=\"ISDE\" \/>\n<meta property=\"article:publisher\" content=\"https:\/\/www.facebook.com\/DerechoISDE\" \/>\n<meta property=\"article:published_time\" content=\"2009-11-11T21:03:59+00:00\" \/>\n<meta property=\"article:modified_time\" content=\"2019-10-10T12:34:55+00:00\" \/>\n<meta property=\"og:image\" content=\"https:\/\/isde.es\/wp-content\/uploads\/2009\/11\/img_nid_1050_1.png\" \/>\n\t<meta property=\"og:image:width\" content=\"240\" \/>\n\t<meta property=\"og:image:height\" content=\"313\" \/>\n\t<meta property=\"og:image:type\" content=\"image\/png\" \/>\n<meta name=\"author\" content=\"Soporte ISDE\" \/>\n<meta name=\"twitter:card\" content=\"summary_large_image\" \/>\n<meta name=\"twitter:creator\" content=\"@ISDEmasters\" \/>\n<meta name=\"twitter:site\" content=\"@ISDEmasters\" \/>\n<meta name=\"twitter:label1\" content=\"Written by\" \/>\n\t<meta name=\"twitter:data1\" content=\"Soporte ISDE\" \/>\n\t<meta name=\"twitter:label2\" content=\"Est. reading time\" \/>\n\t<meta name=\"twitter:data2\" content=\"4 minutes\" \/>\n<script type=\"application\/ld+json\" class=\"yoast-schema-graph\">{\"@context\":\"https:\/\/schema.org\",\"@graph\":[{\"@type\":\"Article\",\"@id\":\"https:\/\/isde.es\/en\/news\/president-chairing-conference-organised-isde-madrid\/#article\",\"isPartOf\":{\"@id\":\"https:\/\/isde.es\/en\/news\/president-chairing-conference-organised-isde-madrid\/\"},\"author\":{\"name\":\"Soporte ISDE\",\"@id\":\"https:\/\/isde.es\/#\/schema\/person\/101c5b8a5887e02807b563a6dbe748d4\"},\"headline\":\"The President of the chairing a Conference organised by ISDE in Madrid\",\"datePublished\":\"2009-11-11T21:03:59+00:00\",\"dateModified\":\"2019-10-10T12:34:55+00:00\",\"mainEntityOfPage\":{\"@id\":\"https:\/\/isde.es\/en\/news\/president-chairing-conference-organised-isde-madrid\/\"},\"wordCount\":737,\"commentCount\":0,\"publisher\":{\"@id\":\"https:\/\/isde.es\/#organization\"},\"image\":{\"@id\":\"https:\/\/isde.es\/en\/news\/president-chairing-conference-organised-isde-madrid\/#primaryimage\"},\"thumbnailUrl\":\"https:\/\/isde.es\/wp-content\/uploads\/2009\/11\/img_nid_1050_1.png\",\"articleSection\":[\"News\"],\"inLanguage\":\"en-US\",\"potentialAction\":[{\"@type\":\"CommentAction\",\"name\":\"Comment\",\"target\":[\"https:\/\/isde.es\/en\/news\/president-chairing-conference-organised-isde-madrid\/#respond\"]}]},{\"@type\":\"WebPage\",\"@id\":\"https:\/\/isde.es\/en\/news\/president-chairing-conference-organised-isde-madrid\/\",\"url\":\"https:\/\/isde.es\/en\/news\/president-chairing-conference-organised-isde-madrid\/\",\"name\":\"The President of the chairing a Conference organised by ISDE in Madrid - ISDE\",\"isPartOf\":{\"@id\":\"https:\/\/isde.es\/#website\"},\"primaryImageOfPage\":{\"@id\":\"https:\/\/isde.es\/en\/news\/president-chairing-conference-organised-isde-madrid\/#primaryimage\"},\"image\":{\"@id\":\"https:\/\/isde.es\/en\/news\/president-chairing-conference-organised-isde-madrid\/#primaryimage\"},\"thumbnailUrl\":\"https:\/\/isde.es\/wp-content\/uploads\/2009\/11\/img_nid_1050_1.png\",\"datePublished\":\"2009-11-11T21:03:59+00:00\",\"dateModified\":\"2019-10-10T12:34:55+00:00\",\"breadcrumb\":{\"@id\":\"https:\/\/isde.es\/en\/news\/president-chairing-conference-organised-isde-madrid\/#breadcrumb\"},\"inLanguage\":\"en-US\",\"potentialAction\":[{\"@type\":\"ReadAction\",\"target\":[\"https:\/\/isde.es\/en\/news\/president-chairing-conference-organised-isde-madrid\/\"]}]},{\"@type\":\"ImageObject\",\"inLanguage\":\"en-US\",\"@id\":\"https:\/\/isde.es\/en\/news\/president-chairing-conference-organised-isde-madrid\/#primaryimage\",\"url\":\"https:\/\/isde.es\/wp-content\/uploads\/2009\/11\/img_nid_1050_1.png\",\"contentUrl\":\"https:\/\/isde.es\/wp-content\/uploads\/2009\/11\/img_nid_1050_1.png\",\"width\":240,\"height\":313,\"caption\":\"img nid 1050 1\"},{\"@type\":\"BreadcrumbList\",\"@id\":\"https:\/\/isde.es\/en\/news\/president-chairing-conference-organised-isde-madrid\/#breadcrumb\",\"itemListElement\":[{\"@type\":\"ListItem\",\"position\":1,\"name\":\"Portada\",\"item\":\"https:\/\/isde.es\/\"},{\"@type\":\"ListItem\",\"position\":2,\"name\":\"The President of the chairing a Conference organised by ISDE in Madrid\"}]},{\"@type\":\"WebSite\",\"@id\":\"https:\/\/isde.es\/#website\",\"url\":\"https:\/\/isde.es\/\",\"name\":\"ISDE\",\"description\":\"Masters de Derecho y Econom\u00eda\",\"publisher\":{\"@id\":\"https:\/\/isde.es\/#organization\"},\"potentialAction\":[{\"@type\":\"SearchAction\",\"target\":{\"@type\":\"EntryPoint\",\"urlTemplate\":\"https:\/\/isde.es\/?s={search_term_string}\"},\"query-input\":{\"@type\":\"PropertyValueSpecification\",\"valueRequired\":true,\"valueName\":\"search_term_string\"}}],\"inLanguage\":\"en-US\"},{\"@type\":\"Organization\",\"@id\":\"https:\/\/isde.es\/#organization\",\"name\":\"ISDE, Law Business School\",\"url\":\"https:\/\/isde.es\/\",\"logo\":{\"@type\":\"ImageObject\",\"inLanguage\":\"en-US\",\"@id\":\"https:\/\/isde.es\/#\/schema\/logo\/image\/\",\"url\":\"https:\/\/isde.es\/wp-content\/uploads\/2018\/10\/logo_isde_header.jpg\",\"contentUrl\":\"https:\/\/isde.es\/wp-content\/uploads\/2018\/10\/logo_isde_header.jpg\",\"width\":134,\"height\":158,\"caption\":\"ISDE, Law Business School\"},\"image\":{\"@id\":\"https:\/\/isde.es\/#\/schema\/logo\/image\/\"},\"sameAs\":[\"https:\/\/www.facebook.com\/DerechoISDE\",\"https:\/\/x.com\/ISDEmasters\"]},{\"@type\":\"Person\",\"@id\":\"https:\/\/isde.es\/#\/schema\/person\/101c5b8a5887e02807b563a6dbe748d4\",\"name\":\"Soporte ISDE\",\"image\":{\"@type\":\"ImageObject\",\"inLanguage\":\"en-US\",\"@id\":\"https:\/\/isde.es\/#\/schema\/person\/image\/\",\"url\":\"https:\/\/secure.gravatar.com\/avatar\/e80eb369c1881182f5e96f50ae69ab734825b75376705aa55a7878469fd3397b?s=96&d=mm&r=g\",\"contentUrl\":\"https:\/\/secure.gravatar.com\/avatar\/e80eb369c1881182f5e96f50ae69ab734825b75376705aa55a7878469fd3397b?s=96&d=mm&r=g\",\"caption\":\"Soporte ISDE\"}}]}<\/script>\n<!-- \/ Yoast SEO Premium plugin. -->","yoast_head_json":{"title":"The President of the chairing a Conference organised by ISDE in Madrid - ISDE","robots":{"index":"index","follow":"follow","max-snippet":"max-snippet:-1","max-image-preview":"max-image-preview:large","max-video-preview":"max-video-preview:-1"},"canonical":"https:\/\/isde.es\/en\/news\/president-chairing-conference-organised-isde-madrid\/","og_locale":"en_US","og_type":"article","og_title":"The President of the chairing a Conference organised by ISDE in Madrid","og_description":"[fusion_builder_container admin_label=&#8221;Content&#8221; hundred_percent=&#8221;no&#8221; equal_height_columns=&#8221;no&#8221; menu_anchor=&#8221;&#8221; hide_on_mobile=&#8221;no&#8221; class=&#8221;&#8221; id=&#8221;&#8221; background_color=&#8221;&#8221; background_image=&#8221;&#8221; background_position=&#8221;left top&#8221; background_repeat=&#8221;no-repeat&#8221; fade=&#8221;no&#8221; background_parallax=&#8221;none&#8221; enable_mobile=&#8221;no&#8221; parallax_speed=&#8221;0.3&#8243; video_mp4=&#8221;&#8221; video_webm=&#8221;&#8221; video_ogv=&#8221;&#8221; video_url=&#8221;&#8221; video_aspect_ratio=&#8221;16:9&#8243; video_loop=&#8221;yes&#8221; video_mute=&#8221;yes&#8221; video_preview_image=&#8221;&#8221; border_size=&#8221;0px&#8221; border_color=&#8221;&#8221; border_style=&#8221;solid&#8221; margin_top=&#8221;&#8221; margin_bottom=&#8221;&#8221; padding_top=&#8221;&#8221; padding_right=&#8221;&#8221; padding_bottom=&#8221;80px&#8221; padding_left=&#8221;&#8221;][fusion_builder_row][fusion_builder_column type=&#8221;1_1&#8243; layout=&#8221;2_3&#8243; spacing=&#8221;5%&#8221; center_content=&#8221;no&#8221; link=&#8221;&#8221; target=&#8221;_self&#8221; min_height=&#8221;&#8221; hide_on_mobile=&#8221;no&#8221; class=&#8221;&#8221; id=&#8221;&#8221; background_color=&#8221;&#8221; background_image=&#8221;&#8221; background_position=&#8221;left top&#8221; undefined=&#8221;&#8221; background_repeat=&#8221;no-repeat&#8221; hover_type=&#8221;none&#8221; border_size=&#8221;0&#8243; border_color=&#8221;&#8221; border_style=&#8221;solid&#8221; border_position=&#8221;all&#8221; [&hellip;]","og_url":"https:\/\/isde.es\/en\/news\/president-chairing-conference-organised-isde-madrid\/","og_site_name":"ISDE","article_publisher":"https:\/\/www.facebook.com\/DerechoISDE","article_published_time":"2009-11-11T21:03:59+00:00","article_modified_time":"2019-10-10T12:34:55+00:00","og_image":[{"width":240,"height":313,"url":"https:\/\/isde.es\/wp-content\/uploads\/2009\/11\/img_nid_1050_1.png","type":"image\/png"}],"author":"Soporte ISDE","twitter_card":"summary_large_image","twitter_creator":"@ISDEmasters","twitter_site":"@ISDEmasters","twitter_misc":{"Written by":"Soporte ISDE","Est. reading time":"4 minutes"},"schema":{"@context":"https:\/\/schema.org","@graph":[{"@type":"Article","@id":"https:\/\/isde.es\/en\/news\/president-chairing-conference-organised-isde-madrid\/#article","isPartOf":{"@id":"https:\/\/isde.es\/en\/news\/president-chairing-conference-organised-isde-madrid\/"},"author":{"name":"Soporte ISDE","@id":"https:\/\/isde.es\/#\/schema\/person\/101c5b8a5887e02807b563a6dbe748d4"},"headline":"The President of the chairing a Conference organised by ISDE in Madrid","datePublished":"2009-11-11T21:03:59+00:00","dateModified":"2019-10-10T12:34:55+00:00","mainEntityOfPage":{"@id":"https:\/\/isde.es\/en\/news\/president-chairing-conference-organised-isde-madrid\/"},"wordCount":737,"commentCount":0,"publisher":{"@id":"https:\/\/isde.es\/#organization"},"image":{"@id":"https:\/\/isde.es\/en\/news\/president-chairing-conference-organised-isde-madrid\/#primaryimage"},"thumbnailUrl":"https:\/\/isde.es\/wp-content\/uploads\/2009\/11\/img_nid_1050_1.png","articleSection":["News"],"inLanguage":"en-US","potentialAction":[{"@type":"CommentAction","name":"Comment","target":["https:\/\/isde.es\/en\/news\/president-chairing-conference-organised-isde-madrid\/#respond"]}]},{"@type":"WebPage","@id":"https:\/\/isde.es\/en\/news\/president-chairing-conference-organised-isde-madrid\/","url":"https:\/\/isde.es\/en\/news\/president-chairing-conference-organised-isde-madrid\/","name":"The President of the chairing a Conference organised by ISDE in Madrid - ISDE","isPartOf":{"@id":"https:\/\/isde.es\/#website"},"primaryImageOfPage":{"@id":"https:\/\/isde.es\/en\/news\/president-chairing-conference-organised-isde-madrid\/#primaryimage"},"image":{"@id":"https:\/\/isde.es\/en\/news\/president-chairing-conference-organised-isde-madrid\/#primaryimage"},"thumbnailUrl":"https:\/\/isde.es\/wp-content\/uploads\/2009\/11\/img_nid_1050_1.png","datePublished":"2009-11-11T21:03:59+00:00","dateModified":"2019-10-10T12:34:55+00:00","breadcrumb":{"@id":"https:\/\/isde.es\/en\/news\/president-chairing-conference-organised-isde-madrid\/#breadcrumb"},"inLanguage":"en-US","potentialAction":[{"@type":"ReadAction","target":["https:\/\/isde.es\/en\/news\/president-chairing-conference-organised-isde-madrid\/"]}]},{"@type":"ImageObject","inLanguage":"en-US","@id":"https:\/\/isde.es\/en\/news\/president-chairing-conference-organised-isde-madrid\/#primaryimage","url":"https:\/\/isde.es\/wp-content\/uploads\/2009\/11\/img_nid_1050_1.png","contentUrl":"https:\/\/isde.es\/wp-content\/uploads\/2009\/11\/img_nid_1050_1.png","width":240,"height":313,"caption":"img nid 1050 1"},{"@type":"BreadcrumbList","@id":"https:\/\/isde.es\/en\/news\/president-chairing-conference-organised-isde-madrid\/#breadcrumb","itemListElement":[{"@type":"ListItem","position":1,"name":"Portada","item":"https:\/\/isde.es\/"},{"@type":"ListItem","position":2,"name":"The President of the chairing a Conference organised by ISDE in Madrid"}]},{"@type":"WebSite","@id":"https:\/\/isde.es\/#website","url":"https:\/\/isde.es\/","name":"ISDE","description":"Masters de Derecho y Econom\u00eda","publisher":{"@id":"https:\/\/isde.es\/#organization"},"potentialAction":[{"@type":"SearchAction","target":{"@type":"EntryPoint","urlTemplate":"https:\/\/isde.es\/?s={search_term_string}"},"query-input":{"@type":"PropertyValueSpecification","valueRequired":true,"valueName":"search_term_string"}}],"inLanguage":"en-US"},{"@type":"Organization","@id":"https:\/\/isde.es\/#organization","name":"ISDE, Law Business School","url":"https:\/\/isde.es\/","logo":{"@type":"ImageObject","inLanguage":"en-US","@id":"https:\/\/isde.es\/#\/schema\/logo\/image\/","url":"https:\/\/isde.es\/wp-content\/uploads\/2018\/10\/logo_isde_header.jpg","contentUrl":"https:\/\/isde.es\/wp-content\/uploads\/2018\/10\/logo_isde_header.jpg","width":134,"height":158,"caption":"ISDE, Law Business School"},"image":{"@id":"https:\/\/isde.es\/#\/schema\/logo\/image\/"},"sameAs":["https:\/\/www.facebook.com\/DerechoISDE","https:\/\/x.com\/ISDEmasters"]},{"@type":"Person","@id":"https:\/\/isde.es\/#\/schema\/person\/101c5b8a5887e02807b563a6dbe748d4","name":"Soporte ISDE","image":{"@type":"ImageObject","inLanguage":"en-US","@id":"https:\/\/isde.es\/#\/schema\/person\/image\/","url":"https:\/\/secure.gravatar.com\/avatar\/e80eb369c1881182f5e96f50ae69ab734825b75376705aa55a7878469fd3397b?s=96&d=mm&r=g","contentUrl":"https:\/\/secure.gravatar.com\/avatar\/e80eb369c1881182f5e96f50ae69ab734825b75376705aa55a7878469fd3397b?s=96&d=mm&r=g","caption":"Soporte ISDE"}}]}},"_links":{"self":[{"href":"https:\/\/isde.es\/en\/wp-json\/wp\/v2\/posts\/8113","targetHints":{"allow":["GET"]}}],"collection":[{"href":"https:\/\/isde.es\/en\/wp-json\/wp\/v2\/posts"}],"about":[{"href":"https:\/\/isde.es\/en\/wp-json\/wp\/v2\/types\/post"}],"author":[{"embeddable":true,"href":"https:\/\/isde.es\/en\/wp-json\/wp\/v2\/users\/1"}],"replies":[{"embeddable":true,"href":"https:\/\/isde.es\/en\/wp-json\/wp\/v2\/comments?post=8113"}],"version-history":[{"count":0,"href":"https:\/\/isde.es\/en\/wp-json\/wp\/v2\/posts\/8113\/revisions"}],"wp:featuredmedia":[{"embeddable":true,"href":"https:\/\/isde.es\/en\/wp-json\/wp\/v2\/media\/8114"}],"wp:attachment":[{"href":"https:\/\/isde.es\/en\/wp-json\/wp\/v2\/media?parent=8113"}],"wp:term":[{"taxonomy":"category","embeddable":true,"href":"https:\/\/isde.es\/en\/wp-json\/wp\/v2\/categories?post=8113"},{"taxonomy":"post_tag","embeddable":true,"href":"https:\/\/isde.es\/en\/wp-json\/wp\/v2\/tags?post=8113"},{"taxonomy":"post_folder","embeddable":true,"href":"https:\/\/isde.es\/en\/wp-json\/wp\/v2\/post_folder?post=8113"}],"curies":[{"name":"wp","href":"https:\/\/api.w.org\/{rel}","templated":true}]}}