{"id":82802,"date":"2025-11-19T09:13:19","date_gmt":"2025-11-19T08:13:19","guid":{"rendered":"https:\/\/old.isde.es\/?p=82802"},"modified":"2025-11-19T09:13:19","modified_gmt":"2025-11-19T08:13:19","slug":"isde-the-only-university-center-present-at-the-madrid-investment-destination-forum","status":"publish","type":"post","link":"https:\/\/isde.es\/en\/news\/isde-the-only-university-center-present-at-the-madrid-investment-destination-forum\/","title":{"rendered":"\ud83e\udd1d ISDE, the only university center present at the &#8220;Madrid, Investment Destination&#8221; forum"},"content":{"rendered":"<p dir=\"auto\" align=\"left\">Representing ISDE,\u00a0<a href=\"https:\/\/www.linkedin.com\/in\/germ%C3%A1n-ruiz-g%C3%B3mez-858385192\/\" rel=\"noreferrer\">Germ\u00e1n Ruiz G\u00f3mez<\/a>,\u00a0Director of Business Development, took part in the &#8220;Madrid, Investment Destination&#8221; forum organized by\u00a0<a href=\"https:\/\/www.linkedin.com\/company\/el-confidencial\/\" rel=\"noreferrer\">El Confidencial<\/a>\u00a0sharing his vision on how education and talent can drive the city\u2019s economy.<\/p>\n<p dir=\"auto\" align=\"left\">The event brought together business leaders and regional government representatives, including\u00a0<a href=\"https:\/\/www.linkedin.com\/in\/miguel-garrido-de-la-cierva-presidente-ceim-empresario\/\" rel=\"noreferrer\">Miguel Garrido de la Cierva<\/a>, President of\u00a0<a href=\"https:\/\/www.linkedin.com\/company\/ceim-confederaci-n-empresarial-de-madrid-ceoe\/\" rel=\"noreferrer\">CEIM &#8211; Confederaci\u00f3n Empresarial de Madrid-CEOE<\/a>, F\u00e1tima Matute, Councillor of Health, and Miguel \u00c1ngel Garc\u00eda Mart\u00edn, Councillor of the Presidency, to discuss research, connectivity, investment attraction, infrastructure, and housing.<\/p>\n<p dir=\"auto\" align=\"left\">ISDE\u2019s participation reinforces its commitment to training professionals ready to tackle Madrid\u2019s and the country\u2019s strategic challenges, connecting talent with real opportunities in both the business and public sectors. Collaboration between educational institutions, companies, and government is key to positioning Madrid as a leading hub for innovation and economic development.<\/p>\n<div id='gallery-1' class='gallery galleryid-82802 gallery-columns-2 gallery-size-large'><figure class='gallery-item'>\n\t\t\t<div class='gallery-icon portrait'>\n\t\t\t\t<a href='https:\/\/isde.es\/wp-content\/uploads\/2025\/11\/foto-1-2.webp'><img fetchpriority=\"high\" decoding=\"async\" width=\"701\" height=\"1024\" src=\"https:\/\/isde.es\/wp-content\/uploads\/2025\/11\/foto-1-2-701x1024.webp\" class=\"attachment-large size-large\" alt=\"\" srcset=\"https:\/\/isde.es\/wp-content\/uploads\/2025\/11\/foto-1-2-701x1024.webp 701w, https:\/\/isde.es\/wp-content\/uploads\/2025\/11\/foto-1-2-206x300.webp 206w, https:\/\/isde.es\/wp-content\/uploads\/2025\/11\/foto-1-2-768x1121.webp 768w, https:\/\/isde.es\/wp-content\/uploads\/2025\/11\/foto-1-2-1052x1536.webp 1052w, https:\/\/isde.es\/wp-content\/uploads\/2025\/11\/foto-1-2.webp 1096w\" sizes=\"(max-width: 701px) 100vw, 701px\" \/><\/a>\n\t\t\t<\/div><\/figure>\n\t\t<\/div>\n\n","protected":false},"excerpt":{"rendered":"<p>Representing ISDE,\u00a0Germ\u00e1n Ruiz G\u00f3mez,\u00a0Director of Business Development, took part in the &#8220;Madrid, Investment Destination&#8221; forum organized by\u00a0El Confidencial\u00a0sharing his vision on how education and talent can drive the city\u2019s economy. The event brought together business leaders and regional government representatives, including\u00a0Miguel Garrido de la Cierva, President of\u00a0CEIM &#8211; Confederaci\u00f3n Empresarial de Madrid-CEOE, F\u00e1tima Matute, Councillor [&hellip;]<\/p>\n","protected":false},"author":4,"featured_media":82795,"comment_status":"closed","ping_status":"closed","sticky":false,"template":"","format":"standard","meta":{"_acf_changed":false,"footnotes":""},"categories":[128],"tags":[],"post_folder":[],"class_list":["post-82802","post","type-post","status-publish","format-standard","has-post-thumbnail","hentry","category-news"],"acf":[],"yoast_head":"<!-- This site is optimized with the Yoast SEO Premium plugin v27.1 (Yoast SEO v27.1.1) - https:\/\/yoast.com\/product\/yoast-seo-premium-wordpress\/ -->\n<title>\ud83e\udd1d ISDE, the only university center present at the &quot;Madrid, Investment Destination&quot; forum - ISDE<\/title>\n<meta name=\"robots\" content=\"index, follow, max-snippet:-1, max-image-preview:large, max-video-preview:-1\" \/>\n<link rel=\"canonical\" href=\"https:\/\/isde.es\/sin-categorizar\/isde-the-only-university-center-present-at-the-madrid-investment-destination-forum\/\" \/>\n<meta property=\"og:locale\" content=\"en_US\" \/>\n<meta property=\"og:type\" content=\"article\" \/>\n<meta property=\"og:title\" content=\"\ud83e\udd1d ISDE, the only university center present at the &quot;Madrid, Investment Destination&quot; forum\" \/>\n<meta property=\"og:description\" content=\"Representing ISDE,\u00a0Germ\u00e1n Ruiz G\u00f3mez,\u00a0Director of Business Development, took part in the &#8220;Madrid, Investment Destination&#8221; forum organized by\u00a0El Confidencial\u00a0sharing his vision on how education and talent can drive the city\u2019s economy. The event brought together business leaders and regional government representatives, including\u00a0Miguel Garrido de la Cierva, President of\u00a0CEIM &#8211; Confederaci\u00f3n Empresarial de Madrid-CEOE, F\u00e1tima Matute, Councillor [&hellip;]\" \/>\n<meta property=\"og:url\" content=\"https:\/\/isde.es\/sin-categorizar\/isde-the-only-university-center-present-at-the-madrid-investment-destination-forum\/\" \/>\n<meta property=\"og:site_name\" content=\"ISDE\" \/>\n<meta property=\"article:publisher\" content=\"https:\/\/www.facebook.com\/DerechoISDE\" \/>\n<meta property=\"article:published_time\" content=\"2025-11-19T08:13:19+00:00\" \/>\n<meta property=\"og:image\" content=\"https:\/\/isde.es\/wp-content\/uploads\/2025\/11\/foto-1-2-701x1024.webp\" \/>\n<meta name=\"author\" content=\"support\" \/>\n<meta name=\"twitter:card\" content=\"summary_large_image\" \/>\n<meta name=\"twitter:creator\" content=\"@ISDEmasters\" \/>\n<meta name=\"twitter:site\" content=\"@ISDEmasters\" \/>\n<meta name=\"twitter:label1\" content=\"Written by\" \/>\n\t<meta name=\"twitter:data1\" content=\"support\" \/>\n\t<meta name=\"twitter:label2\" content=\"Est. reading time\" \/>\n\t<meta name=\"twitter:data2\" content=\"1 minute\" \/>\n<script type=\"application\/ld+json\" class=\"yoast-schema-graph\">{\"@context\":\"https:\/\/schema.org\",\"@graph\":[{\"@type\":\"Article\",\"@id\":\"https:\/\/isde.es\/sin-categorizar\/isde-the-only-university-center-present-at-the-madrid-investment-destination-forum\/#article\",\"isPartOf\":{\"@id\":\"https:\/\/isde.es\/sin-categorizar\/isde-the-only-university-center-present-at-the-madrid-investment-destination-forum\/\"},\"author\":{\"name\":\"support\",\"@id\":\"https:\/\/isde.es\/#\/schema\/person\/f303351b1259bc39b48a5d72e74f6d5d\"},\"headline\":\"\ud83e\udd1d ISDE, the only university center present at the &#8220;Madrid, Investment Destination&#8221; forum\",\"datePublished\":\"2025-11-19T08:13:19+00:00\",\"mainEntityOfPage\":{\"@id\":\"https:\/\/isde.es\/sin-categorizar\/isde-the-only-university-center-present-at-the-madrid-investment-destination-forum\/\"},\"wordCount\":160,\"publisher\":{\"@id\":\"https:\/\/isde.es\/#organization\"},\"image\":{\"@id\":\"https:\/\/isde.es\/sin-categorizar\/isde-the-only-university-center-present-at-the-madrid-investment-destination-forum\/#primaryimage\"},\"thumbnailUrl\":\"https:\/\/isde.es\/wp-content\/uploads\/2025\/11\/portada-4-scaled-2.webp\",\"articleSection\":[\"News\"],\"inLanguage\":\"en-US\"},{\"@type\":\"WebPage\",\"@id\":\"https:\/\/isde.es\/sin-categorizar\/isde-the-only-university-center-present-at-the-madrid-investment-destination-forum\/\",\"url\":\"https:\/\/isde.es\/sin-categorizar\/isde-the-only-university-center-present-at-the-madrid-investment-destination-forum\/\",\"name\":\"\ud83e\udd1d ISDE, the only university center present at the \\\"Madrid, Investment Destination\\\" forum - ISDE\",\"isPartOf\":{\"@id\":\"https:\/\/isde.es\/#website\"},\"primaryImageOfPage\":{\"@id\":\"https:\/\/isde.es\/sin-categorizar\/isde-the-only-university-center-present-at-the-madrid-investment-destination-forum\/#primaryimage\"},\"image\":{\"@id\":\"https:\/\/isde.es\/sin-categorizar\/isde-the-only-university-center-present-at-the-madrid-investment-destination-forum\/#primaryimage\"},\"thumbnailUrl\":\"https:\/\/isde.es\/wp-content\/uploads\/2025\/11\/portada-4-scaled-2.webp\",\"datePublished\":\"2025-11-19T08:13:19+00:00\",\"breadcrumb\":{\"@id\":\"https:\/\/isde.es\/sin-categorizar\/isde-the-only-university-center-present-at-the-madrid-investment-destination-forum\/#breadcrumb\"},\"inLanguage\":\"en-US\",\"potentialAction\":[{\"@type\":\"ReadAction\",\"target\":[\"https:\/\/isde.es\/sin-categorizar\/isde-the-only-university-center-present-at-the-madrid-investment-destination-forum\/\"]}]},{\"@type\":\"ImageObject\",\"inLanguage\":\"en-US\",\"@id\":\"https:\/\/isde.es\/sin-categorizar\/isde-the-only-university-center-present-at-the-madrid-investment-destination-forum\/#primaryimage\",\"url\":\"https:\/\/isde.es\/wp-content\/uploads\/2025\/11\/portada-4-scaled-2.webp\",\"contentUrl\":\"https:\/\/isde.es\/wp-content\/uploads\/2025\/11\/portada-4-scaled-2.webp\",\"width\":2048,\"height\":1024,\"caption\":\"portad\"},{\"@type\":\"BreadcrumbList\",\"@id\":\"https:\/\/isde.es\/sin-categorizar\/isde-the-only-university-center-present-at-the-madrid-investment-destination-forum\/#breadcrumb\",\"itemListElement\":[{\"@type\":\"ListItem\",\"position\":1,\"name\":\"Portada\",\"item\":\"https:\/\/isde.es\/\"},{\"@type\":\"ListItem\",\"position\":2,\"name\":\"\ud83e\udd1d ISDE, the only university center present at the \u00abMadrid, Investment Destination\u00bb forum\"}]},{\"@type\":\"WebSite\",\"@id\":\"https:\/\/isde.es\/#website\",\"url\":\"https:\/\/isde.es\/\",\"name\":\"ISDE\",\"description\":\"Masters de Derecho y Econom\u00eda\",\"publisher\":{\"@id\":\"https:\/\/isde.es\/#organization\"},\"potentialAction\":[{\"@type\":\"SearchAction\",\"target\":{\"@type\":\"EntryPoint\",\"urlTemplate\":\"https:\/\/isde.es\/?s={search_term_string}\"},\"query-input\":{\"@type\":\"PropertyValueSpecification\",\"valueRequired\":true,\"valueName\":\"search_term_string\"}}],\"inLanguage\":\"en-US\"},{\"@type\":\"Organization\",\"@id\":\"https:\/\/isde.es\/#organization\",\"name\":\"ISDE, Law Business School\",\"url\":\"https:\/\/isde.es\/\",\"logo\":{\"@type\":\"ImageObject\",\"inLanguage\":\"en-US\",\"@id\":\"https:\/\/isde.es\/#\/schema\/logo\/image\/\",\"url\":\"https:\/\/isde.es\/wp-content\/uploads\/2018\/10\/logo_isde_header.jpg\",\"contentUrl\":\"https:\/\/isde.es\/wp-content\/uploads\/2018\/10\/logo_isde_header.jpg\",\"width\":134,\"height\":158,\"caption\":\"ISDE, Law Business School\"},\"image\":{\"@id\":\"https:\/\/isde.es\/#\/schema\/logo\/image\/\"},\"sameAs\":[\"https:\/\/www.facebook.com\/DerechoISDE\",\"https:\/\/x.com\/ISDEmasters\"]},{\"@type\":\"Person\",\"@id\":\"https:\/\/isde.es\/#\/schema\/person\/f303351b1259bc39b48a5d72e74f6d5d\",\"name\":\"support\",\"image\":{\"@type\":\"ImageObject\",\"inLanguage\":\"en-US\",\"@id\":\"https:\/\/isde.es\/#\/schema\/person\/image\/\",\"url\":\"https:\/\/secure.gravatar.com\/avatar\/3005ceda46bca142abeeeecb8792feb1794c09ce414e8ce54c665ee4c6ee5d24?s=96&d=mm&r=g\",\"contentUrl\":\"https:\/\/secure.gravatar.com\/avatar\/3005ceda46bca142abeeeecb8792feb1794c09ce414e8ce54c665ee4c6ee5d24?s=96&d=mm&r=g\",\"caption\":\"support\"}}]}<\/script>\n<!-- \/ Yoast SEO Premium plugin. -->","yoast_head_json":{"title":"\ud83e\udd1d ISDE, the only university center present at the \"Madrid, Investment Destination\" forum - ISDE","robots":{"index":"index","follow":"follow","max-snippet":"max-snippet:-1","max-image-preview":"max-image-preview:large","max-video-preview":"max-video-preview:-1"},"canonical":"https:\/\/isde.es\/sin-categorizar\/isde-the-only-university-center-present-at-the-madrid-investment-destination-forum\/","og_locale":"en_US","og_type":"article","og_title":"\ud83e\udd1d ISDE, the only university center present at the \"Madrid, Investment Destination\" forum","og_description":"Representing ISDE,\u00a0Germ\u00e1n Ruiz G\u00f3mez,\u00a0Director of Business Development, took part in the &#8220;Madrid, Investment Destination&#8221; forum organized by\u00a0El Confidencial\u00a0sharing his vision on how education and talent can drive the city\u2019s economy. The event brought together business leaders and regional government representatives, including\u00a0Miguel Garrido de la Cierva, President of\u00a0CEIM &#8211; Confederaci\u00f3n Empresarial de Madrid-CEOE, F\u00e1tima Matute, Councillor [&hellip;]","og_url":"https:\/\/isde.es\/sin-categorizar\/isde-the-only-university-center-present-at-the-madrid-investment-destination-forum\/","og_site_name":"ISDE","article_publisher":"https:\/\/www.facebook.com\/DerechoISDE","article_published_time":"2025-11-19T08:13:19+00:00","og_image":[{"url":"https:\/\/isde.es\/wp-content\/uploads\/2025\/11\/foto-1-2-701x1024.webp","type":"","width":"","height":""}],"author":"support","twitter_card":"summary_large_image","twitter_creator":"@ISDEmasters","twitter_site":"@ISDEmasters","twitter_misc":{"Written by":"support","Est. reading time":"1 minute"},"schema":{"@context":"https:\/\/schema.org","@graph":[{"@type":"Article","@id":"https:\/\/isde.es\/sin-categorizar\/isde-the-only-university-center-present-at-the-madrid-investment-destination-forum\/#article","isPartOf":{"@id":"https:\/\/isde.es\/sin-categorizar\/isde-the-only-university-center-present-at-the-madrid-investment-destination-forum\/"},"author":{"name":"support","@id":"https:\/\/isde.es\/#\/schema\/person\/f303351b1259bc39b48a5d72e74f6d5d"},"headline":"\ud83e\udd1d ISDE, the only university center present at the &#8220;Madrid, Investment Destination&#8221; forum","datePublished":"2025-11-19T08:13:19+00:00","mainEntityOfPage":{"@id":"https:\/\/isde.es\/sin-categorizar\/isde-the-only-university-center-present-at-the-madrid-investment-destination-forum\/"},"wordCount":160,"publisher":{"@id":"https:\/\/isde.es\/#organization"},"image":{"@id":"https:\/\/isde.es\/sin-categorizar\/isde-the-only-university-center-present-at-the-madrid-investment-destination-forum\/#primaryimage"},"thumbnailUrl":"https:\/\/isde.es\/wp-content\/uploads\/2025\/11\/portada-4-scaled-2.webp","articleSection":["News"],"inLanguage":"en-US"},{"@type":"WebPage","@id":"https:\/\/isde.es\/sin-categorizar\/isde-the-only-university-center-present-at-the-madrid-investment-destination-forum\/","url":"https:\/\/isde.es\/sin-categorizar\/isde-the-only-university-center-present-at-the-madrid-investment-destination-forum\/","name":"\ud83e\udd1d ISDE, the only university center present at the \"Madrid, Investment Destination\" forum - ISDE","isPartOf":{"@id":"https:\/\/isde.es\/#website"},"primaryImageOfPage":{"@id":"https:\/\/isde.es\/sin-categorizar\/isde-the-only-university-center-present-at-the-madrid-investment-destination-forum\/#primaryimage"},"image":{"@id":"https:\/\/isde.es\/sin-categorizar\/isde-the-only-university-center-present-at-the-madrid-investment-destination-forum\/#primaryimage"},"thumbnailUrl":"https:\/\/isde.es\/wp-content\/uploads\/2025\/11\/portada-4-scaled-2.webp","datePublished":"2025-11-19T08:13:19+00:00","breadcrumb":{"@id":"https:\/\/isde.es\/sin-categorizar\/isde-the-only-university-center-present-at-the-madrid-investment-destination-forum\/#breadcrumb"},"inLanguage":"en-US","potentialAction":[{"@type":"ReadAction","target":["https:\/\/isde.es\/sin-categorizar\/isde-the-only-university-center-present-at-the-madrid-investment-destination-forum\/"]}]},{"@type":"ImageObject","inLanguage":"en-US","@id":"https:\/\/isde.es\/sin-categorizar\/isde-the-only-university-center-present-at-the-madrid-investment-destination-forum\/#primaryimage","url":"https:\/\/isde.es\/wp-content\/uploads\/2025\/11\/portada-4-scaled-2.webp","contentUrl":"https:\/\/isde.es\/wp-content\/uploads\/2025\/11\/portada-4-scaled-2.webp","width":2048,"height":1024,"caption":"portad"},{"@type":"BreadcrumbList","@id":"https:\/\/isde.es\/sin-categorizar\/isde-the-only-university-center-present-at-the-madrid-investment-destination-forum\/#breadcrumb","itemListElement":[{"@type":"ListItem","position":1,"name":"Portada","item":"https:\/\/isde.es\/"},{"@type":"ListItem","position":2,"name":"\ud83e\udd1d ISDE, the only university center present at the \u00abMadrid, Investment Destination\u00bb forum"}]},{"@type":"WebSite","@id":"https:\/\/isde.es\/#website","url":"https:\/\/isde.es\/","name":"ISDE","description":"Masters de Derecho y Econom\u00eda","publisher":{"@id":"https:\/\/isde.es\/#organization"},"potentialAction":[{"@type":"SearchAction","target":{"@type":"EntryPoint","urlTemplate":"https:\/\/isde.es\/?s={search_term_string}"},"query-input":{"@type":"PropertyValueSpecification","valueRequired":true,"valueName":"search_term_string"}}],"inLanguage":"en-US"},{"@type":"Organization","@id":"https:\/\/isde.es\/#organization","name":"ISDE, Law Business School","url":"https:\/\/isde.es\/","logo":{"@type":"ImageObject","inLanguage":"en-US","@id":"https:\/\/isde.es\/#\/schema\/logo\/image\/","url":"https:\/\/isde.es\/wp-content\/uploads\/2018\/10\/logo_isde_header.jpg","contentUrl":"https:\/\/isde.es\/wp-content\/uploads\/2018\/10\/logo_isde_header.jpg","width":134,"height":158,"caption":"ISDE, Law Business School"},"image":{"@id":"https:\/\/isde.es\/#\/schema\/logo\/image\/"},"sameAs":["https:\/\/www.facebook.com\/DerechoISDE","https:\/\/x.com\/ISDEmasters"]},{"@type":"Person","@id":"https:\/\/isde.es\/#\/schema\/person\/f303351b1259bc39b48a5d72e74f6d5d","name":"support","image":{"@type":"ImageObject","inLanguage":"en-US","@id":"https:\/\/isde.es\/#\/schema\/person\/image\/","url":"https:\/\/secure.gravatar.com\/avatar\/3005ceda46bca142abeeeecb8792feb1794c09ce414e8ce54c665ee4c6ee5d24?s=96&d=mm&r=g","contentUrl":"https:\/\/secure.gravatar.com\/avatar\/3005ceda46bca142abeeeecb8792feb1794c09ce414e8ce54c665ee4c6ee5d24?s=96&d=mm&r=g","caption":"support"}}]}},"_links":{"self":[{"href":"https:\/\/isde.es\/en\/wp-json\/wp\/v2\/posts\/82802","targetHints":{"allow":["GET"]}}],"collection":[{"href":"https:\/\/isde.es\/en\/wp-json\/wp\/v2\/posts"}],"about":[{"href":"https:\/\/isde.es\/en\/wp-json\/wp\/v2\/types\/post"}],"author":[{"embeddable":true,"href":"https:\/\/isde.es\/en\/wp-json\/wp\/v2\/users\/4"}],"replies":[{"embeddable":true,"href":"https:\/\/isde.es\/en\/wp-json\/wp\/v2\/comments?post=82802"}],"version-history":[{"count":0,"href":"https:\/\/isde.es\/en\/wp-json\/wp\/v2\/posts\/82802\/revisions"}],"wp:featuredmedia":[{"embeddable":true,"href":"https:\/\/isde.es\/en\/wp-json\/wp\/v2\/media\/82795"}],"wp:attachment":[{"href":"https:\/\/isde.es\/en\/wp-json\/wp\/v2\/media?parent=82802"}],"wp:term":[{"taxonomy":"category","embeddable":true,"href":"https:\/\/isde.es\/en\/wp-json\/wp\/v2\/categories?post=82802"},{"taxonomy":"post_tag","embeddable":true,"href":"https:\/\/isde.es\/en\/wp-json\/wp\/v2\/tags?post=82802"},{"taxonomy":"post_folder","embeddable":true,"href":"https:\/\/isde.es\/en\/wp-json\/wp\/v2\/post_folder?post=82802"}],"curies":[{"name":"wp","href":"https:\/\/api.w.org\/{rel}","templated":true}]}}