{"id":83038,"date":"2025-11-27T17:16:47","date_gmt":"2025-11-27T16:16:47","guid":{"rendered":"https:\/\/old.isde.es\/?p=83038"},"modified":"2025-11-27T17:16:47","modified_gmt":"2025-11-27T16:16:47","slug":"confilegal-awards-isde-recognized-with-the-innovation-award","status":"publish","type":"post","link":"https:\/\/isde.es\/en\/news\/confilegal-awards-isde-recognized-with-the-innovation-award\/","title":{"rendered":"Confilegal Awards \u2013 ISDE Recognized with the Innovation Award"},"content":{"rendered":"<p dir=\"auto\" align=\"left\"><a href=\"https:\/\/www.linkedin.com\/company\/isdeuniversity\/\" rel=\"noreferrer\">ISDE Law &amp; Business\u00a0<\/a><u>School<\/u>, as part of the\u00a0<a href=\"https:\/\/www.linkedin.com\/company\/digitalent-group\/\" rel=\"noreferrer\">DIGITALENT GROUP<\/a>, has established itself as a benchmark in legal innovation during the VIII\u00a0<a href=\"https:\/\/www.linkedin.com\/company\/confilegal\/\" rel=\"noreferrer\">Confilegal<\/a>\u00a0Awards, held at the Palace in Madrid in front of more than 400 professionals from the sector.<\/p>\n<p dir=\"auto\" align=\"left\">The gala was hosted by\u00a0<a href=\"https:\/\/www.linkedin.com\/in\/gonzalo-bans\/\" rel=\"noreferrer\">Gonzalo Bans L\u00f3pez de Lamadrid<\/a>\u00a0and opened by\u00a0<a href=\"https:\/\/www.linkedin.com\/in\/julen-ariza-1b807813\/\" rel=\"noreferrer\">Julen Ariza<\/a>, editor of Confilegal, who highlighted \u201cthe efforts of thousands of professionals working quietly with a level of professionalism that transcends society.\u201d<\/p>\n<p dir=\"auto\" align=\"left\">In this edition, ISDE received the\u00a0<b>Innovation Award<\/b>, presented by Miguel \u00c1ngel Garc\u00eda Mart\u00edn, Councillor of Presidency, Justice, and Local Administration of the Community of Madrid, and accepted by ISDE CEO,\u00a0<a href=\"https:\/\/www.linkedin.com\/in\/juanjosesanchezpuig\/\" rel=\"noreferrer\">Juan Jos\u00e9 S\u00e1nchez Puig<\/a>.<\/p>\n<p dir=\"auto\" align=\"left\">ISDE has evolved from a traditional law school into a fully digital organization, integrating artificial intelligence, blockchain, and connected platforms, with technological support from\u00a0<a href=\"https:\/\/www.linkedin.com\/company\/infofuturo\/\" rel=\"noreferrer\">INFOFUTURO<\/a>\u00a0as an ISDE partner, optimizing academic management and strengthening its leadership in educational innovation.<\/p>\n<p dir=\"auto\" align=\"left\">The event also recognized emblematic figures in the legal world:<\/p>\n<p dir=\"auto\" align=\"left\">\ud83c\udfc6\u00a0<b>Isabel Perell\u00f3<\/b>, President of the<a href=\"https:\/\/www.linkedin.com\/company\/consejo-general-del-poder-judicial-c-g-p-j\/\" rel=\"noreferrer\">Consejo General del Poder Judicial (C.G.P.J.)<\/a>\u00a0and the Supreme Court, awarded the\u00a0<b>Judicial Independence Award<\/b>, presented by Juli\u00e1n S\u00e1nchez Melgar.<\/p>\n<p dir=\"auto\" align=\"left\">\ud83c\udfc6<a href=\"https:\/\/www.linkedin.com\/company\/iberdrola\/\" rel=\"noreferrer\">Iberdrola<\/a>,\u00a0for its Pro Bono Legal and Tax project \u201cConstruyendo Juntos,\u201d awarded the\u00a0<b>Commitment Award<\/b>, received by Bego\u00f1a Garc\u00eda-Rozado, Elena Sanz Arcas, and F\u00e9lix Sobrino Mart\u00ednez.<\/p>\n<p dir=\"auto\" align=\"left\">\ud83c\udfc6<a href=\"https:\/\/www.linkedin.com\/in\/mar%C3%ADa-emilia-ad%C3%A1n-garc%C3%ADa\/\" rel=\"noreferrer\">Mar\u00eda Emilia Ad\u00e1n Garc\u00eda<\/a>\u00a0Dean of the College of Registrars of Spain, awarded the\u00a0<b>Career Achievement Award<\/b>.<\/p>\n<p dir=\"auto\" align=\"left\">\ud83c\udfc6\u00a0<b>Open Data Registradores<\/b>\u00a0(College of Registrars), awarded the\u00a0<b>Legaltech\u00a0<\/b><a href=\"https:\/\/www.linkedin.com\/company\/banco-santander\/\" rel=\"noreferrer\">Santander<\/a><b>\u00a0Award<\/b>, presented by Gonzalo Alonso Tejuca, Board Member of Banco Santander Spain, and received by Jos\u00e9 Miguel Tabar\u00e9s, Vice Dean of the College.<\/p>\n<p dir=\"auto\" align=\"left\">\ud83c\udfc6\u00a0<b>Jaime Vegas<\/b>, disciple of Procedural Law Professor Andr\u00e9s de la Oliva, posthumously received the\u00a0<b>Career Achievement Award<\/b>.<\/p>\n<p dir=\"auto\" align=\"left\">The gala reaffirmed the progress of the legal ecosystem in Spain and ISDE\u2019s position as a driving force for educational and technological innovation in the sector.<\/p>\n<p dir=\"auto\" align=\"left\">At ISDE, we would like to express our sincere gratitude to Confilegal for organizing the VIII Confilegal Awards, and especially to its director,\u00a0<a href=\"https:\/\/www.linkedin.com\/in\/%E2%9C%AE-carlos-berbell-30053a12\/\" rel=\"noreferrer\">\u272e Carlos Berbell<\/a>\u00a0for his leadership and reflection on the importance of protecting the rule of law and judicial independence. We also congratulate all the awardees for their contribution to the advancement of justice and legal education.<\/p>\n\n","protected":false},"excerpt":{"rendered":"<p>ISDE Law &amp; Business\u00a0School, as part of the\u00a0DIGITALENT GROUP, has established itself as a benchmark in legal innovation during the VIII\u00a0Confilegal\u00a0Awards, held at the Palace in Madrid in front of more than 400 professionals from the sector. The gala was hosted by\u00a0Gonzalo Bans L\u00f3pez de Lamadrid\u00a0and opened by\u00a0Julen Ariza, editor of Confilegal, who highlighted \u201cthe [&hellip;]<\/p>\n","protected":false},"author":4,"featured_media":83032,"comment_status":"closed","ping_status":"closed","sticky":false,"template":"","format":"standard","meta":{"_acf_changed":false,"footnotes":""},"categories":[128],"tags":[],"post_folder":[],"class_list":["post-83038","post","type-post","status-publish","format-standard","has-post-thumbnail","hentry","category-news"],"acf":[],"yoast_head":"<!-- This site is optimized with the Yoast SEO Premium plugin v27.1 (Yoast SEO v27.1.1) - https:\/\/yoast.com\/product\/yoast-seo-premium-wordpress\/ -->\n<title>Confilegal Awards \u2013 ISDE Recognized with the Innovation Award - ISDE<\/title>\n<meta name=\"robots\" content=\"index, follow, max-snippet:-1, max-image-preview:large, max-video-preview:-1\" \/>\n<link rel=\"canonical\" href=\"https:\/\/isde.es\/sin-categorizar\/confilegal-awards-isde-recognized-with-the-innovation-award\/\" \/>\n<meta property=\"og:locale\" content=\"en_US\" \/>\n<meta property=\"og:type\" content=\"article\" \/>\n<meta property=\"og:title\" content=\"Confilegal Awards \u2013 ISDE Recognized with the Innovation Award\" \/>\n<meta property=\"og:description\" content=\"ISDE Law &amp; Business\u00a0School, as part of the\u00a0DIGITALENT GROUP, has established itself as a benchmark in legal innovation during the VIII\u00a0Confilegal\u00a0Awards, held at the Palace in Madrid in front of more than 400 professionals from the sector. The gala was hosted by\u00a0Gonzalo Bans L\u00f3pez de Lamadrid\u00a0and opened by\u00a0Julen Ariza, editor of Confilegal, who highlighted \u201cthe [&hellip;]\" \/>\n<meta property=\"og:url\" content=\"https:\/\/isde.es\/sin-categorizar\/confilegal-awards-isde-recognized-with-the-innovation-award\/\" \/>\n<meta property=\"og:site_name\" content=\"ISDE\" \/>\n<meta property=\"article:publisher\" content=\"https:\/\/www.facebook.com\/DerechoISDE\" \/>\n<meta property=\"article:published_time\" content=\"2025-11-27T16:16:47+00:00\" \/>\n<meta name=\"author\" content=\"support\" \/>\n<meta name=\"twitter:card\" content=\"summary_large_image\" \/>\n<meta name=\"twitter:creator\" content=\"@ISDEmasters\" \/>\n<meta name=\"twitter:site\" content=\"@ISDEmasters\" \/>\n<meta name=\"twitter:label1\" content=\"Written by\" \/>\n\t<meta name=\"twitter:data1\" content=\"support\" \/>\n\t<meta name=\"twitter:label2\" content=\"Est. reading time\" \/>\n\t<meta name=\"twitter:data2\" content=\"2 minutes\" \/>\n<script type=\"application\/ld+json\" class=\"yoast-schema-graph\">{\"@context\":\"https:\/\/schema.org\",\"@graph\":[{\"@type\":\"Article\",\"@id\":\"https:\/\/isde.es\/sin-categorizar\/confilegal-awards-isde-recognized-with-the-innovation-award\/#article\",\"isPartOf\":{\"@id\":\"https:\/\/isde.es\/sin-categorizar\/confilegal-awards-isde-recognized-with-the-innovation-award\/\"},\"author\":{\"name\":\"support\",\"@id\":\"https:\/\/isde.es\/#\/schema\/person\/f303351b1259bc39b48a5d72e74f6d5d\"},\"headline\":\"Confilegal Awards \u2013 ISDE Recognized with the Innovation Award\",\"datePublished\":\"2025-11-27T16:16:47+00:00\",\"mainEntityOfPage\":{\"@id\":\"https:\/\/isde.es\/sin-categorizar\/confilegal-awards-isde-recognized-with-the-innovation-award\/\"},\"wordCount\":396,\"publisher\":{\"@id\":\"https:\/\/isde.es\/#organization\"},\"image\":{\"@id\":\"https:\/\/isde.es\/sin-categorizar\/confilegal-awards-isde-recognized-with-the-innovation-award\/#primaryimage\"},\"thumbnailUrl\":\"\",\"articleSection\":[\"News\"],\"inLanguage\":\"en-US\"},{\"@type\":\"WebPage\",\"@id\":\"https:\/\/isde.es\/sin-categorizar\/confilegal-awards-isde-recognized-with-the-innovation-award\/\",\"url\":\"https:\/\/isde.es\/sin-categorizar\/confilegal-awards-isde-recognized-with-the-innovation-award\/\",\"name\":\"Confilegal Awards \u2013 ISDE Recognized with the Innovation Award - ISDE\",\"isPartOf\":{\"@id\":\"https:\/\/isde.es\/#website\"},\"primaryImageOfPage\":{\"@id\":\"https:\/\/isde.es\/sin-categorizar\/confilegal-awards-isde-recognized-with-the-innovation-award\/#primaryimage\"},\"image\":{\"@id\":\"https:\/\/isde.es\/sin-categorizar\/confilegal-awards-isde-recognized-with-the-innovation-award\/#primaryimage\"},\"thumbnailUrl\":\"\",\"datePublished\":\"2025-11-27T16:16:47+00:00\",\"breadcrumb\":{\"@id\":\"https:\/\/isde.es\/sin-categorizar\/confilegal-awards-isde-recognized-with-the-innovation-award\/#breadcrumb\"},\"inLanguage\":\"en-US\",\"potentialAction\":[{\"@type\":\"ReadAction\",\"target\":[\"https:\/\/isde.es\/sin-categorizar\/confilegal-awards-isde-recognized-with-the-innovation-award\/\"]}]},{\"@type\":\"ImageObject\",\"inLanguage\":\"en-US\",\"@id\":\"https:\/\/isde.es\/sin-categorizar\/confilegal-awards-isde-recognized-with-the-innovation-award\/#primaryimage\",\"url\":\"\",\"contentUrl\":\"\"},{\"@type\":\"BreadcrumbList\",\"@id\":\"https:\/\/isde.es\/sin-categorizar\/confilegal-awards-isde-recognized-with-the-innovation-award\/#breadcrumb\",\"itemListElement\":[{\"@type\":\"ListItem\",\"position\":1,\"name\":\"Portada\",\"item\":\"https:\/\/isde.es\/\"},{\"@type\":\"ListItem\",\"position\":2,\"name\":\"Confilegal Awards \u2013 ISDE Recognized with the Innovation Award\"}]},{\"@type\":\"WebSite\",\"@id\":\"https:\/\/isde.es\/#website\",\"url\":\"https:\/\/isde.es\/\",\"name\":\"ISDE\",\"description\":\"Masters de Derecho y Econom\u00eda\",\"publisher\":{\"@id\":\"https:\/\/isde.es\/#organization\"},\"potentialAction\":[{\"@type\":\"SearchAction\",\"target\":{\"@type\":\"EntryPoint\",\"urlTemplate\":\"https:\/\/isde.es\/?s={search_term_string}\"},\"query-input\":{\"@type\":\"PropertyValueSpecification\",\"valueRequired\":true,\"valueName\":\"search_term_string\"}}],\"inLanguage\":\"en-US\"},{\"@type\":\"Organization\",\"@id\":\"https:\/\/isde.es\/#organization\",\"name\":\"ISDE, Law Business School\",\"url\":\"https:\/\/isde.es\/\",\"logo\":{\"@type\":\"ImageObject\",\"inLanguage\":\"en-US\",\"@id\":\"https:\/\/isde.es\/#\/schema\/logo\/image\/\",\"url\":\"https:\/\/isde.es\/wp-content\/uploads\/2018\/10\/logo_isde_header.jpg\",\"contentUrl\":\"https:\/\/isde.es\/wp-content\/uploads\/2018\/10\/logo_isde_header.jpg\",\"width\":134,\"height\":158,\"caption\":\"ISDE, Law Business School\"},\"image\":{\"@id\":\"https:\/\/isde.es\/#\/schema\/logo\/image\/\"},\"sameAs\":[\"https:\/\/www.facebook.com\/DerechoISDE\",\"https:\/\/x.com\/ISDEmasters\"]},{\"@type\":\"Person\",\"@id\":\"https:\/\/isde.es\/#\/schema\/person\/f303351b1259bc39b48a5d72e74f6d5d\",\"name\":\"support\",\"image\":{\"@type\":\"ImageObject\",\"inLanguage\":\"en-US\",\"@id\":\"https:\/\/isde.es\/#\/schema\/person\/image\/\",\"url\":\"https:\/\/secure.gravatar.com\/avatar\/3005ceda46bca142abeeeecb8792feb1794c09ce414e8ce54c665ee4c6ee5d24?s=96&d=mm&r=g\",\"contentUrl\":\"https:\/\/secure.gravatar.com\/avatar\/3005ceda46bca142abeeeecb8792feb1794c09ce414e8ce54c665ee4c6ee5d24?s=96&d=mm&r=g\",\"caption\":\"support\"}}]}<\/script>\n<!-- \/ Yoast SEO Premium plugin. -->","yoast_head_json":{"title":"Confilegal Awards \u2013 ISDE Recognized with the Innovation Award - ISDE","robots":{"index":"index","follow":"follow","max-snippet":"max-snippet:-1","max-image-preview":"max-image-preview:large","max-video-preview":"max-video-preview:-1"},"canonical":"https:\/\/isde.es\/sin-categorizar\/confilegal-awards-isde-recognized-with-the-innovation-award\/","og_locale":"en_US","og_type":"article","og_title":"Confilegal Awards \u2013 ISDE Recognized with the Innovation Award","og_description":"ISDE Law &amp; Business\u00a0School, as part of the\u00a0DIGITALENT GROUP, has established itself as a benchmark in legal innovation during the VIII\u00a0Confilegal\u00a0Awards, held at the Palace in Madrid in front of more than 400 professionals from the sector. The gala was hosted by\u00a0Gonzalo Bans L\u00f3pez de Lamadrid\u00a0and opened by\u00a0Julen Ariza, editor of Confilegal, who highlighted \u201cthe [&hellip;]","og_url":"https:\/\/isde.es\/sin-categorizar\/confilegal-awards-isde-recognized-with-the-innovation-award\/","og_site_name":"ISDE","article_publisher":"https:\/\/www.facebook.com\/DerechoISDE","article_published_time":"2025-11-27T16:16:47+00:00","author":"support","twitter_card":"summary_large_image","twitter_creator":"@ISDEmasters","twitter_site":"@ISDEmasters","twitter_misc":{"Written by":"support","Est. reading time":"2 minutes"},"schema":{"@context":"https:\/\/schema.org","@graph":[{"@type":"Article","@id":"https:\/\/isde.es\/sin-categorizar\/confilegal-awards-isde-recognized-with-the-innovation-award\/#article","isPartOf":{"@id":"https:\/\/isde.es\/sin-categorizar\/confilegal-awards-isde-recognized-with-the-innovation-award\/"},"author":{"name":"support","@id":"https:\/\/isde.es\/#\/schema\/person\/f303351b1259bc39b48a5d72e74f6d5d"},"headline":"Confilegal Awards \u2013 ISDE Recognized with the Innovation Award","datePublished":"2025-11-27T16:16:47+00:00","mainEntityOfPage":{"@id":"https:\/\/isde.es\/sin-categorizar\/confilegal-awards-isde-recognized-with-the-innovation-award\/"},"wordCount":396,"publisher":{"@id":"https:\/\/isde.es\/#organization"},"image":{"@id":"https:\/\/isde.es\/sin-categorizar\/confilegal-awards-isde-recognized-with-the-innovation-award\/#primaryimage"},"thumbnailUrl":"","articleSection":["News"],"inLanguage":"en-US"},{"@type":"WebPage","@id":"https:\/\/isde.es\/sin-categorizar\/confilegal-awards-isde-recognized-with-the-innovation-award\/","url":"https:\/\/isde.es\/sin-categorizar\/confilegal-awards-isde-recognized-with-the-innovation-award\/","name":"Confilegal Awards \u2013 ISDE Recognized with the Innovation Award - ISDE","isPartOf":{"@id":"https:\/\/isde.es\/#website"},"primaryImageOfPage":{"@id":"https:\/\/isde.es\/sin-categorizar\/confilegal-awards-isde-recognized-with-the-innovation-award\/#primaryimage"},"image":{"@id":"https:\/\/isde.es\/sin-categorizar\/confilegal-awards-isde-recognized-with-the-innovation-award\/#primaryimage"},"thumbnailUrl":"","datePublished":"2025-11-27T16:16:47+00:00","breadcrumb":{"@id":"https:\/\/isde.es\/sin-categorizar\/confilegal-awards-isde-recognized-with-the-innovation-award\/#breadcrumb"},"inLanguage":"en-US","potentialAction":[{"@type":"ReadAction","target":["https:\/\/isde.es\/sin-categorizar\/confilegal-awards-isde-recognized-with-the-innovation-award\/"]}]},{"@type":"ImageObject","inLanguage":"en-US","@id":"https:\/\/isde.es\/sin-categorizar\/confilegal-awards-isde-recognized-with-the-innovation-award\/#primaryimage","url":"","contentUrl":""},{"@type":"BreadcrumbList","@id":"https:\/\/isde.es\/sin-categorizar\/confilegal-awards-isde-recognized-with-the-innovation-award\/#breadcrumb","itemListElement":[{"@type":"ListItem","position":1,"name":"Portada","item":"https:\/\/isde.es\/"},{"@type":"ListItem","position":2,"name":"Confilegal Awards \u2013 ISDE Recognized with the Innovation Award"}]},{"@type":"WebSite","@id":"https:\/\/isde.es\/#website","url":"https:\/\/isde.es\/","name":"ISDE","description":"Masters de Derecho y Econom\u00eda","publisher":{"@id":"https:\/\/isde.es\/#organization"},"potentialAction":[{"@type":"SearchAction","target":{"@type":"EntryPoint","urlTemplate":"https:\/\/isde.es\/?s={search_term_string}"},"query-input":{"@type":"PropertyValueSpecification","valueRequired":true,"valueName":"search_term_string"}}],"inLanguage":"en-US"},{"@type":"Organization","@id":"https:\/\/isde.es\/#organization","name":"ISDE, Law Business School","url":"https:\/\/isde.es\/","logo":{"@type":"ImageObject","inLanguage":"en-US","@id":"https:\/\/isde.es\/#\/schema\/logo\/image\/","url":"https:\/\/isde.es\/wp-content\/uploads\/2018\/10\/logo_isde_header.jpg","contentUrl":"https:\/\/isde.es\/wp-content\/uploads\/2018\/10\/logo_isde_header.jpg","width":134,"height":158,"caption":"ISDE, Law Business School"},"image":{"@id":"https:\/\/isde.es\/#\/schema\/logo\/image\/"},"sameAs":["https:\/\/www.facebook.com\/DerechoISDE","https:\/\/x.com\/ISDEmasters"]},{"@type":"Person","@id":"https:\/\/isde.es\/#\/schema\/person\/f303351b1259bc39b48a5d72e74f6d5d","name":"support","image":{"@type":"ImageObject","inLanguage":"en-US","@id":"https:\/\/isde.es\/#\/schema\/person\/image\/","url":"https:\/\/secure.gravatar.com\/avatar\/3005ceda46bca142abeeeecb8792feb1794c09ce414e8ce54c665ee4c6ee5d24?s=96&d=mm&r=g","contentUrl":"https:\/\/secure.gravatar.com\/avatar\/3005ceda46bca142abeeeecb8792feb1794c09ce414e8ce54c665ee4c6ee5d24?s=96&d=mm&r=g","caption":"support"}}]}},"_links":{"self":[{"href":"https:\/\/isde.es\/en\/wp-json\/wp\/v2\/posts\/83038","targetHints":{"allow":["GET"]}}],"collection":[{"href":"https:\/\/isde.es\/en\/wp-json\/wp\/v2\/posts"}],"about":[{"href":"https:\/\/isde.es\/en\/wp-json\/wp\/v2\/types\/post"}],"author":[{"embeddable":true,"href":"https:\/\/isde.es\/en\/wp-json\/wp\/v2\/users\/4"}],"replies":[{"embeddable":true,"href":"https:\/\/isde.es\/en\/wp-json\/wp\/v2\/comments?post=83038"}],"version-history":[{"count":0,"href":"https:\/\/isde.es\/en\/wp-json\/wp\/v2\/posts\/83038\/revisions"}],"wp:featuredmedia":[{"embeddable":true,"href":"https:\/\/isde.es\/en\/wp-json\/"}],"wp:attachment":[{"href":"https:\/\/isde.es\/en\/wp-json\/wp\/v2\/media?parent=83038"}],"wp:term":[{"taxonomy":"category","embeddable":true,"href":"https:\/\/isde.es\/en\/wp-json\/wp\/v2\/categories?post=83038"},{"taxonomy":"post_tag","embeddable":true,"href":"https:\/\/isde.es\/en\/wp-json\/wp\/v2\/tags?post=83038"},{"taxonomy":"post_folder","embeddable":true,"href":"https:\/\/isde.es\/en\/wp-json\/wp\/v2\/post_folder?post=83038"}],"curies":[{"name":"wp","href":"https:\/\/api.w.org\/{rel}","templated":true}]}}