{"id":83361,"date":"2025-12-10T09:21:55","date_gmt":"2025-12-10T08:21:55","guid":{"rendered":"https:\/\/old.isde.es\/?p=83361"},"modified":"2025-12-10T09:21:55","modified_gmt":"2025-12-10T08:21:55","slug":"iii-humanist-law-congress-recognition-of-the-iv-humanist-law-award","status":"publish","type":"post","link":"https:\/\/isde.es\/en\/news\/iii-humanist-law-congress-recognition-of-the-iv-humanist-law-award\/","title":{"rendered":"III Humanist Law Congress \u2013 Recognition of the IV Humanist Law Award \ud83c\udfc6"},"content":{"rendered":"<p>The III Humanist Law Congress, organized by\u00a0<a href=\"https:\/\/www.linkedin.com\/company\/alpha-bioteclegal-%C2%B7-expertos-en-derecho-biotecnolog%C3%ADa\/\" rel=\"noreferrer\">ALPHABIOTECLEGAL \u00b7 Experts in Law + Biotechnology<\/a>\u00a0at ISDE, brought together distinguished professionals from the legal and academic fields, psychologists, and health professionals to reflect on ethics, humanity, and purpose in the practice of law.<\/p>\n<p>The event was inaugurated by\u00a0<a href=\"https:\/\/www.linkedin.com\/in\/juanjosesanchezpuig\/\" rel=\"noreferrer\">Juan Jos\u00e9 S\u00e1nchez Puig<\/a>, CEO of ISDE, during which the IV Humanist Law Award was presented to Luis Mart\u00ed Mingarro, Emeritus Dean of the\u00a0<a href=\"https:\/\/www.linkedin.com\/company\/colegio-de-la-abogacia-de-madrid\/\" rel=\"noreferrer\">Illustrious Bar Association of Madrid<\/a>, in recognition of his professional career and commitment to ethical and humanist values in the legal profession. The award ceremony was conducted by <a href=\"https:\/\/www.linkedin.com\/in\/martinhdezpalacios\/\">Mart\u00edn Hern\u00e1ndez-Palacios Mart\u00edn-Neda<\/a>, President of the <a href=\"https:\/\/www.linkedin.com\/in\/abogac%C3%ADa-humanista-7047a123b\/\">Humanist Law<\/a> Association and of the jury, and presented by <a href=\"https:\/\/www.linkedin.com\/in\/jose-miguel-moscardo\/\">Jos\u00e9 Miguel Moscard\u00f3 Gonz\u00e1lez de Aledo<\/a>, founding partner of the headhunting and consulting firm\u00a0<a href=\"https:\/\/www.linkedin.com\/company\/match-more-talent\/\" rel=\"noreferrer\">Match More Talent.<\/a><\/p>\n<p>The Congress addressed topics such as humanism, freedom, democracy, work-life balance, professional ethics, compliance, human rights, and conscious leadership, combining lectures, debates, and panel discussions that reinforced the importance of an ethical and socially committed legal profession.<\/p>\n<p>ISDE continues to promote spaces for reflection and excellence that inspire new generations of legal professionals and strengthen a vision of law oriented toward service, responsibility, and humanist leadership.<\/p>\n<p>We would like to express our sincere gratitude to all participants, speakers, organizers, and collaborators who made the III Humanist Law Congress possible:<\/p>\n<p>Martin Hern\u00e1ndez-Palacios, <a href=\"https:\/\/www.linkedin.com\/in\/margadelafuente\/\" rel=\"noreferrer\">Marga De La Fuente \u00b7 Patentes y Marcas<\/a>,\u00a0<a href=\"https:\/\/www.linkedin.com\/in\/karen-sanchez-qui%C3%B1ones-protecci%C3%B3n-de-datos-y-biotech-\/\" rel=\"noreferrer\">karen Sanchez Qui\u00f1ones \u00b7 Protecci\u00f3n de datos y Biotech<\/a>,\u00a0<a href=\"https:\/\/www.linkedin.com\/in\/cristinasanchoferran\/\" rel=\"noreferrer\">Cristina Sancho Ferr\u00e1n<\/a>, Beatriz Mart\u00ed S\u00e1nchez,\u00a0<a href=\"https:\/\/www.linkedin.com\/in\/cristina-pert%C3%AD%C3%B1ez-mart%C3%ADnez-819213139\/\" rel=\"noreferrer\">Cristina Pert\u00ed\u00f1ez Mart\u00ednez<\/a>,\u00a0<a href=\"https:\/\/www.linkedin.com\/in\/lorena-diez-ortega-6b8a6b59\/\" rel=\"noreferrer\">Lorena Diez Ortega<\/a>,\u00a0<a href=\"https:\/\/www.linkedin.com\/in\/ana-mar%C3%ADa-diaz-oliver-rsc\/\" rel=\"noreferrer\">Ana Mar\u00eda Diaz-Oliver<\/a>,\u00a0<a href=\"https:\/\/www.linkedin.com\/in\/luis-%C3%A1lvarez-sala-v%C3%A1zquez-51679468\/\" rel=\"noreferrer\">Luis \u00c1lvarez-Sala V\u00e1zquez<\/a>,\u00a0<a href=\"https:\/\/www.linkedin.com\/in\/moira-guitart-2870806\/\" rel=\"noreferrer\">Moira Guitart<\/a>,\u00a0<a href=\"https:\/\/www.linkedin.com\/in\/juan-cerme%C3%B1o-roco-c-bb34365\/\" rel=\"noreferrer\">Juan Cerme\u00f1o Roco C.<\/a>,\u00a0<a href=\"https:\/\/www.linkedin.com\/in\/directora-escueladenegocios-mariaencinasdelarosa\/\" rel=\"noreferrer\">Mar\u00eda Encinas de la Rosa<\/a>, Jos\u00e9 Francisco Est\u00e9vez,\u00a0<a href=\"https:\/\/www.linkedin.com\/in\/enrique-garza-grau-a7100543\/\" rel=\"noreferrer\">Enrique Garza Grau<\/a>,\u00a0<a href=\"https:\/\/www.linkedin.com\/in\/manuel-lora-tamayo-66250829\/\" rel=\"noreferrer\">Manuel Lora-Tamayo<\/a>,\u00a0<a href=\"https:\/\/www.linkedin.com\/in\/rafael-mart%C3%ADnez-aedo-sierra-54b091379\/\" rel=\"noreferrer\">Rafael Mart\u00ednez-Aedo Sierra<\/a>,\u00a0<a href=\"https:\/\/www.linkedin.com\/in\/enriquefigallo\/\" rel=\"noreferrer\">Enrique Figallo<\/a>,\u00a0<a href=\"https:\/\/www.linkedin.com\/in\/jose-miguel-moscardo-pitarch-02b09182\/\" rel=\"noreferrer\">Jose Miguel Moscardo Pitarch<\/a>,\u00a0<a href=\"https:\/\/www.linkedin.com\/in\/susanamunozmiguel-consejera-coaching-mentoring-liderazgo-cultura\/\" rel=\"noreferrer\">Susana Mu\u00f1oz Miguel<\/a>,\u00a0<a href=\"https:\/\/www.linkedin.com\/in\/ana-poyatos\/\" rel=\"noreferrer\">Ana Poyatos \u2728READY FOR CHANGE<\/a>, Eduardo Arroyo Pardo,\u00a0<a href=\"https:\/\/www.linkedin.com\/in\/irene-rico-garc%C3%ADa-272b5527\/\" rel=\"noreferrer\">Irene Rico Garc\u00eda<\/a>,\u00a0<a href=\"https:\/\/www.linkedin.com\/in\/jos%C3%A9-luis-de-n%C3%B3-v%C3%A1zquez-2079b710\/\" rel=\"noreferrer\">Jos\u00e9 Luis de N\u00f3 V\u00e1zquez<\/a>,\u00a0<a href=\"https:\/\/www.linkedin.com\/in\/profesorretoricaoratoriaangellafuente\/\" rel=\"noreferrer\">\u00c1ngel Lafuente Zorrilla<\/a>, Manuel de Miguel, Jose Ignacio Ruiz Rodriguez,\u00a0<a href=\"https:\/\/www.linkedin.com\/in\/borja-luj%C3%A1n-lago-74163b4a\/\" rel=\"noreferrer\">Borja Luj\u00e1n Lago<\/a>,\u00a0<a href=\"https:\/\/www.linkedin.com\/in\/maripaz-matute-794ba5b4\/\" rel=\"noreferrer\">Maripaz Matute<\/a>,\u00a0<a href=\"https:\/\/www.linkedin.com\/in\/silvia-madrid-7862078\/\" rel=\"noreferrer\">Silvia Madrid<\/a>,\u00a0<a href=\"https:\/\/www.linkedin.com\/in\/olga-quintero-s%C3%A1nchez-compliance-cumplimiento-protecciondedatos\/\" rel=\"noreferrer\">Olga Quintero S\u00e1nchez<\/a>, Jos\u00e9 M. Benavente Gonz\u00e1lez,\u00a0<a href=\"https:\/\/www.linkedin.com\/in\/mar-mu%C3%B1oz-alegre-607a0a11\/\" rel=\"noreferrer\">Mar Mu\u00f1oz Alegre<\/a>,\u00a0<a href=\"https:\/\/www.linkedin.com\/in\/jos%C3%A9-mar%C3%ADa-gasalla-593365\/\" rel=\"noreferrer\">Jos\u00e9 Mar\u00eda Gasalla<\/a>,\u00a0<a href=\"https:\/\/www.linkedin.com\/in\/germ%C3%A1n-m-teruel-lozano-0bab2527\/\" rel=\"noreferrer\">Germ\u00e1n M. Teruel Lozano<\/a>,\u00a0<a href=\"https:\/\/www.linkedin.com\/in\/fernando-fanego-castillo-72828325\/\" rel=\"noreferrer\">Fernando Fanego Castillo<\/a>,\u00a0<a href=\"https:\/\/www.linkedin.com\/in\/alfonso-m%C2%AA-pinto-l%C3%B3pez-659b4371\/\" rel=\"noreferrer\">Alfonso M\u00aa Pinto L\u00f3pez<\/a>,\u00a0<a href=\"https:\/\/www.linkedin.com\/in\/susana-latorre-molina\/\" rel=\"noreferrer\">Susana Latorre Molina<\/a>,\u00a0<a href=\"https:\/\/www.linkedin.com\/in\/diegoherrerogarcia\/\" rel=\"noreferrer\">Diego Herrero Garcia<\/a>,\u00a0<a href=\"https:\/\/www.linkedin.com\/in\/adri%C3%A0-royo-borza-297850262\/\" rel=\"noreferrer\">Adri\u00e0 Royo Borza<\/a>, Sonia Fuente Barriuso and <a href=\"https:\/\/www.linkedin.com\/in\/jes%C3%BAs-mar%C3%ADa-torre-p%C3%A9rez-219ab9107\/\" rel=\"noreferrer\">Jes\u00fas Mar\u00eda Torre P\u00e9rez<\/a>.<\/p>\n\n","protected":false},"excerpt":{"rendered":"<p>The III Humanist Law Congress, organized by\u00a0ALPHABIOTECLEGAL \u00b7 Experts in Law + Biotechnology\u00a0at ISDE, brought together distinguished professionals from the legal and academic fields, psychologists, and health professionals to reflect on ethics, humanity, and purpose in the practice of law. The event was inaugurated by\u00a0Juan Jos\u00e9 S\u00e1nchez Puig, CEO of ISDE, during which the IV [&hellip;]<\/p>\n","protected":false},"author":4,"featured_media":83353,"comment_status":"closed","ping_status":"closed","sticky":false,"template":"","format":"standard","meta":{"_acf_changed":false,"footnotes":""},"categories":[128],"tags":[],"post_folder":[],"class_list":["post-83361","post","type-post","status-publish","format-standard","has-post-thumbnail","hentry","category-news"],"acf":[],"yoast_head":"<!-- This site is optimized with the Yoast SEO Premium plugin v27.1 (Yoast SEO v27.1.1) - https:\/\/yoast.com\/product\/yoast-seo-premium-wordpress\/ -->\n<title>III Humanist Law Congress \u2013 Recognition of the IV Humanist Law Award \ud83c\udfc6 - ISDE<\/title>\n<meta name=\"robots\" content=\"index, follow, max-snippet:-1, max-image-preview:large, max-video-preview:-1\" \/>\n<link rel=\"canonical\" href=\"https:\/\/isde.es\/sin-categorizar\/iii-humanist-law-congress-recognition-of-the-iv-humanist-law-award\/\" \/>\n<meta property=\"og:locale\" content=\"en_US\" \/>\n<meta property=\"og:type\" content=\"article\" \/>\n<meta property=\"og:title\" content=\"III Humanist Law Congress \u2013 Recognition of the IV Humanist Law Award \ud83c\udfc6\" \/>\n<meta property=\"og:description\" content=\"The III Humanist Law Congress, organized by\u00a0ALPHABIOTECLEGAL \u00b7 Experts in Law + Biotechnology\u00a0at ISDE, brought together distinguished professionals from the legal and academic fields, psychologists, and health professionals to reflect on ethics, humanity, and purpose in the practice of law. The event was inaugurated by\u00a0Juan Jos\u00e9 S\u00e1nchez Puig, CEO of ISDE, during which the IV [&hellip;]\" \/>\n<meta property=\"og:url\" content=\"https:\/\/isde.es\/sin-categorizar\/iii-humanist-law-congress-recognition-of-the-iv-humanist-law-award\/\" \/>\n<meta property=\"og:site_name\" content=\"ISDE\" \/>\n<meta property=\"article:publisher\" content=\"https:\/\/www.facebook.com\/DerechoISDE\" \/>\n<meta property=\"article:published_time\" content=\"2025-12-10T08:21:55+00:00\" \/>\n<meta name=\"author\" content=\"support\" \/>\n<meta name=\"twitter:card\" content=\"summary_large_image\" \/>\n<meta name=\"twitter:creator\" content=\"@ISDEmasters\" \/>\n<meta name=\"twitter:site\" content=\"@ISDEmasters\" \/>\n<meta name=\"twitter:label1\" content=\"Written by\" \/>\n\t<meta name=\"twitter:data1\" content=\"support\" \/>\n\t<meta name=\"twitter:label2\" content=\"Est. reading time\" \/>\n\t<meta name=\"twitter:data2\" content=\"2 minutes\" \/>\n<script type=\"application\/ld+json\" class=\"yoast-schema-graph\">{\"@context\":\"https:\/\/schema.org\",\"@graph\":[{\"@type\":\"Article\",\"@id\":\"https:\/\/isde.es\/sin-categorizar\/iii-humanist-law-congress-recognition-of-the-iv-humanist-law-award\/#article\",\"isPartOf\":{\"@id\":\"https:\/\/isde.es\/sin-categorizar\/iii-humanist-law-congress-recognition-of-the-iv-humanist-law-award\/\"},\"author\":{\"name\":\"support\",\"@id\":\"https:\/\/isde.es\/#\/schema\/person\/f303351b1259bc39b48a5d72e74f6d5d\"},\"headline\":\"III Humanist Law Congress \u2013 Recognition of the IV Humanist Law Award \ud83c\udfc6\",\"datePublished\":\"2025-12-10T08:21:55+00:00\",\"mainEntityOfPage\":{\"@id\":\"https:\/\/isde.es\/sin-categorizar\/iii-humanist-law-congress-recognition-of-the-iv-humanist-law-award\/\"},\"wordCount\":407,\"publisher\":{\"@id\":\"https:\/\/isde.es\/#organization\"},\"image\":{\"@id\":\"https:\/\/isde.es\/sin-categorizar\/iii-humanist-law-congress-recognition-of-the-iv-humanist-law-award\/#primaryimage\"},\"thumbnailUrl\":\"\",\"articleSection\":[\"News\"],\"inLanguage\":\"en-US\"},{\"@type\":\"WebPage\",\"@id\":\"https:\/\/isde.es\/sin-categorizar\/iii-humanist-law-congress-recognition-of-the-iv-humanist-law-award\/\",\"url\":\"https:\/\/isde.es\/sin-categorizar\/iii-humanist-law-congress-recognition-of-the-iv-humanist-law-award\/\",\"name\":\"III Humanist Law Congress \u2013 Recognition of the IV Humanist Law Award \ud83c\udfc6 - ISDE\",\"isPartOf\":{\"@id\":\"https:\/\/isde.es\/#website\"},\"primaryImageOfPage\":{\"@id\":\"https:\/\/isde.es\/sin-categorizar\/iii-humanist-law-congress-recognition-of-the-iv-humanist-law-award\/#primaryimage\"},\"image\":{\"@id\":\"https:\/\/isde.es\/sin-categorizar\/iii-humanist-law-congress-recognition-of-the-iv-humanist-law-award\/#primaryimage\"},\"thumbnailUrl\":\"\",\"datePublished\":\"2025-12-10T08:21:55+00:00\",\"breadcrumb\":{\"@id\":\"https:\/\/isde.es\/sin-categorizar\/iii-humanist-law-congress-recognition-of-the-iv-humanist-law-award\/#breadcrumb\"},\"inLanguage\":\"en-US\",\"potentialAction\":[{\"@type\":\"ReadAction\",\"target\":[\"https:\/\/isde.es\/sin-categorizar\/iii-humanist-law-congress-recognition-of-the-iv-humanist-law-award\/\"]}]},{\"@type\":\"ImageObject\",\"inLanguage\":\"en-US\",\"@id\":\"https:\/\/isde.es\/sin-categorizar\/iii-humanist-law-congress-recognition-of-the-iv-humanist-law-award\/#primaryimage\",\"url\":\"\",\"contentUrl\":\"\"},{\"@type\":\"BreadcrumbList\",\"@id\":\"https:\/\/isde.es\/sin-categorizar\/iii-humanist-law-congress-recognition-of-the-iv-humanist-law-award\/#breadcrumb\",\"itemListElement\":[{\"@type\":\"ListItem\",\"position\":1,\"name\":\"Portada\",\"item\":\"https:\/\/isde.es\/\"},{\"@type\":\"ListItem\",\"position\":2,\"name\":\"III Humanist Law Congress \u2013 Recognition of the IV Humanist Law Award \ud83c\udfc6\"}]},{\"@type\":\"WebSite\",\"@id\":\"https:\/\/isde.es\/#website\",\"url\":\"https:\/\/isde.es\/\",\"name\":\"ISDE\",\"description\":\"Masters de Derecho y Econom\u00eda\",\"publisher\":{\"@id\":\"https:\/\/isde.es\/#organization\"},\"potentialAction\":[{\"@type\":\"SearchAction\",\"target\":{\"@type\":\"EntryPoint\",\"urlTemplate\":\"https:\/\/isde.es\/?s={search_term_string}\"},\"query-input\":{\"@type\":\"PropertyValueSpecification\",\"valueRequired\":true,\"valueName\":\"search_term_string\"}}],\"inLanguage\":\"en-US\"},{\"@type\":\"Organization\",\"@id\":\"https:\/\/isde.es\/#organization\",\"name\":\"ISDE, Law Business School\",\"url\":\"https:\/\/isde.es\/\",\"logo\":{\"@type\":\"ImageObject\",\"inLanguage\":\"en-US\",\"@id\":\"https:\/\/isde.es\/#\/schema\/logo\/image\/\",\"url\":\"https:\/\/isde.es\/wp-content\/uploads\/2018\/10\/logo_isde_header.jpg\",\"contentUrl\":\"https:\/\/isde.es\/wp-content\/uploads\/2018\/10\/logo_isde_header.jpg\",\"width\":134,\"height\":158,\"caption\":\"ISDE, Law Business School\"},\"image\":{\"@id\":\"https:\/\/isde.es\/#\/schema\/logo\/image\/\"},\"sameAs\":[\"https:\/\/www.facebook.com\/DerechoISDE\",\"https:\/\/x.com\/ISDEmasters\"]},{\"@type\":\"Person\",\"@id\":\"https:\/\/isde.es\/#\/schema\/person\/f303351b1259bc39b48a5d72e74f6d5d\",\"name\":\"support\",\"image\":{\"@type\":\"ImageObject\",\"inLanguage\":\"en-US\",\"@id\":\"https:\/\/isde.es\/#\/schema\/person\/image\/\",\"url\":\"https:\/\/secure.gravatar.com\/avatar\/3005ceda46bca142abeeeecb8792feb1794c09ce414e8ce54c665ee4c6ee5d24?s=96&d=mm&r=g\",\"contentUrl\":\"https:\/\/secure.gravatar.com\/avatar\/3005ceda46bca142abeeeecb8792feb1794c09ce414e8ce54c665ee4c6ee5d24?s=96&d=mm&r=g\",\"caption\":\"support\"}}]}<\/script>\n<!-- \/ Yoast SEO Premium plugin. -->","yoast_head_json":{"title":"III Humanist Law Congress \u2013 Recognition of the IV Humanist Law Award \ud83c\udfc6 - ISDE","robots":{"index":"index","follow":"follow","max-snippet":"max-snippet:-1","max-image-preview":"max-image-preview:large","max-video-preview":"max-video-preview:-1"},"canonical":"https:\/\/isde.es\/sin-categorizar\/iii-humanist-law-congress-recognition-of-the-iv-humanist-law-award\/","og_locale":"en_US","og_type":"article","og_title":"III Humanist Law Congress \u2013 Recognition of the IV Humanist Law Award \ud83c\udfc6","og_description":"The III Humanist Law Congress, organized by\u00a0ALPHABIOTECLEGAL \u00b7 Experts in Law + Biotechnology\u00a0at ISDE, brought together distinguished professionals from the legal and academic fields, psychologists, and health professionals to reflect on ethics, humanity, and purpose in the practice of law. The event was inaugurated by\u00a0Juan Jos\u00e9 S\u00e1nchez Puig, CEO of ISDE, during which the IV [&hellip;]","og_url":"https:\/\/isde.es\/sin-categorizar\/iii-humanist-law-congress-recognition-of-the-iv-humanist-law-award\/","og_site_name":"ISDE","article_publisher":"https:\/\/www.facebook.com\/DerechoISDE","article_published_time":"2025-12-10T08:21:55+00:00","author":"support","twitter_card":"summary_large_image","twitter_creator":"@ISDEmasters","twitter_site":"@ISDEmasters","twitter_misc":{"Written by":"support","Est. reading time":"2 minutes"},"schema":{"@context":"https:\/\/schema.org","@graph":[{"@type":"Article","@id":"https:\/\/isde.es\/sin-categorizar\/iii-humanist-law-congress-recognition-of-the-iv-humanist-law-award\/#article","isPartOf":{"@id":"https:\/\/isde.es\/sin-categorizar\/iii-humanist-law-congress-recognition-of-the-iv-humanist-law-award\/"},"author":{"name":"support","@id":"https:\/\/isde.es\/#\/schema\/person\/f303351b1259bc39b48a5d72e74f6d5d"},"headline":"III Humanist Law Congress \u2013 Recognition of the IV Humanist Law Award \ud83c\udfc6","datePublished":"2025-12-10T08:21:55+00:00","mainEntityOfPage":{"@id":"https:\/\/isde.es\/sin-categorizar\/iii-humanist-law-congress-recognition-of-the-iv-humanist-law-award\/"},"wordCount":407,"publisher":{"@id":"https:\/\/isde.es\/#organization"},"image":{"@id":"https:\/\/isde.es\/sin-categorizar\/iii-humanist-law-congress-recognition-of-the-iv-humanist-law-award\/#primaryimage"},"thumbnailUrl":"","articleSection":["News"],"inLanguage":"en-US"},{"@type":"WebPage","@id":"https:\/\/isde.es\/sin-categorizar\/iii-humanist-law-congress-recognition-of-the-iv-humanist-law-award\/","url":"https:\/\/isde.es\/sin-categorizar\/iii-humanist-law-congress-recognition-of-the-iv-humanist-law-award\/","name":"III Humanist Law Congress \u2013 Recognition of the IV Humanist Law Award \ud83c\udfc6 - ISDE","isPartOf":{"@id":"https:\/\/isde.es\/#website"},"primaryImageOfPage":{"@id":"https:\/\/isde.es\/sin-categorizar\/iii-humanist-law-congress-recognition-of-the-iv-humanist-law-award\/#primaryimage"},"image":{"@id":"https:\/\/isde.es\/sin-categorizar\/iii-humanist-law-congress-recognition-of-the-iv-humanist-law-award\/#primaryimage"},"thumbnailUrl":"","datePublished":"2025-12-10T08:21:55+00:00","breadcrumb":{"@id":"https:\/\/isde.es\/sin-categorizar\/iii-humanist-law-congress-recognition-of-the-iv-humanist-law-award\/#breadcrumb"},"inLanguage":"en-US","potentialAction":[{"@type":"ReadAction","target":["https:\/\/isde.es\/sin-categorizar\/iii-humanist-law-congress-recognition-of-the-iv-humanist-law-award\/"]}]},{"@type":"ImageObject","inLanguage":"en-US","@id":"https:\/\/isde.es\/sin-categorizar\/iii-humanist-law-congress-recognition-of-the-iv-humanist-law-award\/#primaryimage","url":"","contentUrl":""},{"@type":"BreadcrumbList","@id":"https:\/\/isde.es\/sin-categorizar\/iii-humanist-law-congress-recognition-of-the-iv-humanist-law-award\/#breadcrumb","itemListElement":[{"@type":"ListItem","position":1,"name":"Portada","item":"https:\/\/isde.es\/"},{"@type":"ListItem","position":2,"name":"III Humanist Law Congress \u2013 Recognition of the IV Humanist Law Award \ud83c\udfc6"}]},{"@type":"WebSite","@id":"https:\/\/isde.es\/#website","url":"https:\/\/isde.es\/","name":"ISDE","description":"Masters de Derecho y Econom\u00eda","publisher":{"@id":"https:\/\/isde.es\/#organization"},"potentialAction":[{"@type":"SearchAction","target":{"@type":"EntryPoint","urlTemplate":"https:\/\/isde.es\/?s={search_term_string}"},"query-input":{"@type":"PropertyValueSpecification","valueRequired":true,"valueName":"search_term_string"}}],"inLanguage":"en-US"},{"@type":"Organization","@id":"https:\/\/isde.es\/#organization","name":"ISDE, Law Business School","url":"https:\/\/isde.es\/","logo":{"@type":"ImageObject","inLanguage":"en-US","@id":"https:\/\/isde.es\/#\/schema\/logo\/image\/","url":"https:\/\/isde.es\/wp-content\/uploads\/2018\/10\/logo_isde_header.jpg","contentUrl":"https:\/\/isde.es\/wp-content\/uploads\/2018\/10\/logo_isde_header.jpg","width":134,"height":158,"caption":"ISDE, Law Business School"},"image":{"@id":"https:\/\/isde.es\/#\/schema\/logo\/image\/"},"sameAs":["https:\/\/www.facebook.com\/DerechoISDE","https:\/\/x.com\/ISDEmasters"]},{"@type":"Person","@id":"https:\/\/isde.es\/#\/schema\/person\/f303351b1259bc39b48a5d72e74f6d5d","name":"support","image":{"@type":"ImageObject","inLanguage":"en-US","@id":"https:\/\/isde.es\/#\/schema\/person\/image\/","url":"https:\/\/secure.gravatar.com\/avatar\/3005ceda46bca142abeeeecb8792feb1794c09ce414e8ce54c665ee4c6ee5d24?s=96&d=mm&r=g","contentUrl":"https:\/\/secure.gravatar.com\/avatar\/3005ceda46bca142abeeeecb8792feb1794c09ce414e8ce54c665ee4c6ee5d24?s=96&d=mm&r=g","caption":"support"}}]}},"_links":{"self":[{"href":"https:\/\/isde.es\/en\/wp-json\/wp\/v2\/posts\/83361","targetHints":{"allow":["GET"]}}],"collection":[{"href":"https:\/\/isde.es\/en\/wp-json\/wp\/v2\/posts"}],"about":[{"href":"https:\/\/isde.es\/en\/wp-json\/wp\/v2\/types\/post"}],"author":[{"embeddable":true,"href":"https:\/\/isde.es\/en\/wp-json\/wp\/v2\/users\/4"}],"replies":[{"embeddable":true,"href":"https:\/\/isde.es\/en\/wp-json\/wp\/v2\/comments?post=83361"}],"version-history":[{"count":0,"href":"https:\/\/isde.es\/en\/wp-json\/wp\/v2\/posts\/83361\/revisions"}],"wp:featuredmedia":[{"embeddable":true,"href":"https:\/\/isde.es\/en\/wp-json\/"}],"wp:attachment":[{"href":"https:\/\/isde.es\/en\/wp-json\/wp\/v2\/media?parent=83361"}],"wp:term":[{"taxonomy":"category","embeddable":true,"href":"https:\/\/isde.es\/en\/wp-json\/wp\/v2\/categories?post=83361"},{"taxonomy":"post_tag","embeddable":true,"href":"https:\/\/isde.es\/en\/wp-json\/wp\/v2\/tags?post=83361"},{"taxonomy":"post_folder","embeddable":true,"href":"https:\/\/isde.es\/en\/wp-json\/wp\/v2\/post_folder?post=83361"}],"curies":[{"name":"wp","href":"https:\/\/api.w.org\/{rel}","templated":true}]}}