{"id":83862,"date":"2025-12-23T12:28:32","date_gmt":"2025-12-23T11:28:32","guid":{"rendered":"https:\/\/old.isde.es\/?p=83862"},"modified":"2025-12-23T12:28:32","modified_gmt":"2025-12-23T11:28:32","slug":"isde-present-at-the-extraordinary-future-lawyers-awards-ceremony","status":"publish","type":"post","link":"https:\/\/isde.es\/en\/news\/isde-present-at-the-extraordinary-future-lawyers-awards-ceremony\/","title":{"rendered":"ISDE present at the Extraordinary Future Lawyers Awards Ceremony \ud83c\udfc5"},"content":{"rendered":"<p dir=\"auto\" align=\"left\"><a href=\"https:\/\/www.linkedin.com\/in\/montse-pinto-sala-359185141\/\">Montse Pinto Sala<\/a>, Executive Director of ISDE Barcelona, and <a href=\"https:\/\/www.linkedin.com\/in\/rociosolis\/\">Roc\u00edo Sol\u00eds Garc\u00eda<\/a>, Program Director at ISDE Barcelona, attended the Extraordinary Future Lawyers Awards ceremony in Barcelona on behalf of ISDE. The event was organized by the <a href=\"https:\/\/www.linkedin.com\/company\/advocaciabarcelona\/\">Illustrious Bar Association of Barcelona (ICAB)<\/a>, the <a href=\"https:\/\/www.linkedin.com\/company\/gajbarcelona\/\">Young Lawyers Group of Barcelona (GAJ Barcelona)<\/a>, and <a href=\"https:\/\/www.linkedin.com\/company\/alter-mutua-de-los-abogados\/\">Alter Mutua de los Abogados y Abogadas<\/a>, and took place in the iconic Pati de Columnes at ICAB.<\/p>\n<p dir=\"auto\" align=\"left\">The ceremony recognized the academic excellence and talent of future legal professionals and featured speeches by the top representatives of the organizing entities, including <a href=\"https:\/\/www.linkedin.com\/in\/alexandersalvador\/\">Alexander Salvador<\/a> on behalf of <a href=\"https:\/\/www.linkedin.com\/in\/cristina-vallejo-ros\/\">Cristina Vallejo<\/a>, Dean of ICAB; <a href=\"https:\/\/www.linkedin.com\/in\/polfontquerni\/\">Pol Fontquerni Ayensa<\/a>, President of GAJ Barcelona; and <a href=\"https:\/\/www.linkedin.com\/in\/carme-adell-artiga-11607613\/\">Carme Adell Artiga<\/a>, Vice President of <a href=\"https:\/\/www.linkedin.com\/company\/alter-mutua-de-los-abogados\/\">Alter Mutua de los Abogados y Abogadas<\/a>; <a href=\"https:\/\/www.linkedin.com\/in\/immaculada-barral-vi%C3%B1als-3a5478222\/\">Immaculada Barral Vi\u00f1als<\/a>, General Director of Legal Entities and Mediation of the <a href=\"https:\/\/www.linkedin.com\/company\/generalitat-de-catalunya\/\">Generalitat of Catalonia<\/a>; as well as deans of law schools, directors of business schools, and ICAB\u2019s Emeritus Dean, Josep Maria Antr\u00e0s.<\/p>\n<p dir=\"auto\" align=\"left\">ISDE\u2019s presence at this institutional event reinforces its commitment to excellence in legal education, its strong connection with professional legal institutions, and its dedication to preparing future lawyers to face the real challenges of the profession.<\/p>\n\n","protected":false},"excerpt":{"rendered":"<p>Montse Pinto Sala, Executive Director of ISDE Barcelona, and Roc\u00edo Sol\u00eds Garc\u00eda, Program Director at ISDE Barcelona, attended the Extraordinary Future Lawyers Awards ceremony in Barcelona on behalf of ISDE. The event was organized by the Illustrious Bar Association of Barcelona (ICAB), the Young Lawyers Group of Barcelona (GAJ Barcelona), and Alter Mutua de los [&hellip;]<\/p>\n","protected":false},"author":4,"featured_media":83856,"comment_status":"closed","ping_status":"closed","sticky":false,"template":"","format":"standard","meta":{"_acf_changed":false,"footnotes":""},"categories":[128],"tags":[],"post_folder":[],"class_list":["post-83862","post","type-post","status-publish","format-standard","has-post-thumbnail","hentry","category-news"],"acf":[],"yoast_head":"<!-- This site is optimized with the Yoast SEO Premium plugin v27.1 (Yoast SEO v27.1.1) - https:\/\/yoast.com\/product\/yoast-seo-premium-wordpress\/ -->\n<title>ISDE present at the Extraordinary Future Lawyers Awards Ceremony \ud83c\udfc5 - ISDE<\/title>\n<meta name=\"robots\" content=\"index, follow, max-snippet:-1, max-image-preview:large, max-video-preview:-1\" \/>\n<link rel=\"canonical\" href=\"https:\/\/isde.es\/sin-categorizar\/isde-present-at-the-extraordinary-future-lawyers-awards-ceremony\/\" \/>\n<meta property=\"og:locale\" content=\"en_US\" \/>\n<meta property=\"og:type\" content=\"article\" \/>\n<meta property=\"og:title\" content=\"ISDE present at the Extraordinary Future Lawyers Awards Ceremony \ud83c\udfc5\" \/>\n<meta property=\"og:description\" content=\"Montse Pinto Sala, Executive Director of ISDE Barcelona, and Roc\u00edo Sol\u00eds Garc\u00eda, Program Director at ISDE Barcelona, attended the Extraordinary Future Lawyers Awards ceremony in Barcelona on behalf of ISDE. The event was organized by the Illustrious Bar Association of Barcelona (ICAB), the Young Lawyers Group of Barcelona (GAJ Barcelona), and Alter Mutua de los [&hellip;]\" \/>\n<meta property=\"og:url\" content=\"https:\/\/isde.es\/sin-categorizar\/isde-present-at-the-extraordinary-future-lawyers-awards-ceremony\/\" \/>\n<meta property=\"og:site_name\" content=\"ISDE\" \/>\n<meta property=\"article:publisher\" content=\"https:\/\/www.facebook.com\/DerechoISDE\" \/>\n<meta property=\"article:published_time\" content=\"2025-12-23T11:28:32+00:00\" \/>\n<meta name=\"author\" content=\"support\" \/>\n<meta name=\"twitter:card\" content=\"summary_large_image\" \/>\n<meta name=\"twitter:creator\" content=\"@ISDEmasters\" \/>\n<meta name=\"twitter:site\" content=\"@ISDEmasters\" \/>\n<meta name=\"twitter:label1\" content=\"Written by\" \/>\n\t<meta name=\"twitter:data1\" content=\"support\" \/>\n\t<meta name=\"twitter:label2\" content=\"Est. reading time\" \/>\n\t<meta name=\"twitter:data2\" content=\"1 minute\" \/>\n<script type=\"application\/ld+json\" class=\"yoast-schema-graph\">{\"@context\":\"https:\/\/schema.org\",\"@graph\":[{\"@type\":\"Article\",\"@id\":\"https:\/\/isde.es\/sin-categorizar\/isde-present-at-the-extraordinary-future-lawyers-awards-ceremony\/#article\",\"isPartOf\":{\"@id\":\"https:\/\/isde.es\/sin-categorizar\/isde-present-at-the-extraordinary-future-lawyers-awards-ceremony\/\"},\"author\":{\"name\":\"support\",\"@id\":\"https:\/\/isde.es\/#\/schema\/person\/f303351b1259bc39b48a5d72e74f6d5d\"},\"headline\":\"ISDE present at the Extraordinary Future Lawyers Awards Ceremony \ud83c\udfc5\",\"datePublished\":\"2025-12-23T11:28:32+00:00\",\"mainEntityOfPage\":{\"@id\":\"https:\/\/isde.es\/sin-categorizar\/isde-present-at-the-extraordinary-future-lawyers-awards-ceremony\/\"},\"wordCount\":216,\"publisher\":{\"@id\":\"https:\/\/isde.es\/#organization\"},\"image\":{\"@id\":\"https:\/\/isde.es\/sin-categorizar\/isde-present-at-the-extraordinary-future-lawyers-awards-ceremony\/#primaryimage\"},\"thumbnailUrl\":\"\",\"articleSection\":[\"News\"],\"inLanguage\":\"en-US\"},{\"@type\":\"WebPage\",\"@id\":\"https:\/\/isde.es\/sin-categorizar\/isde-present-at-the-extraordinary-future-lawyers-awards-ceremony\/\",\"url\":\"https:\/\/isde.es\/sin-categorizar\/isde-present-at-the-extraordinary-future-lawyers-awards-ceremony\/\",\"name\":\"ISDE present at the Extraordinary Future Lawyers Awards Ceremony \ud83c\udfc5 - ISDE\",\"isPartOf\":{\"@id\":\"https:\/\/isde.es\/#website\"},\"primaryImageOfPage\":{\"@id\":\"https:\/\/isde.es\/sin-categorizar\/isde-present-at-the-extraordinary-future-lawyers-awards-ceremony\/#primaryimage\"},\"image\":{\"@id\":\"https:\/\/isde.es\/sin-categorizar\/isde-present-at-the-extraordinary-future-lawyers-awards-ceremony\/#primaryimage\"},\"thumbnailUrl\":\"\",\"datePublished\":\"2025-12-23T11:28:32+00:00\",\"breadcrumb\":{\"@id\":\"https:\/\/isde.es\/sin-categorizar\/isde-present-at-the-extraordinary-future-lawyers-awards-ceremony\/#breadcrumb\"},\"inLanguage\":\"en-US\",\"potentialAction\":[{\"@type\":\"ReadAction\",\"target\":[\"https:\/\/isde.es\/sin-categorizar\/isde-present-at-the-extraordinary-future-lawyers-awards-ceremony\/\"]}]},{\"@type\":\"ImageObject\",\"inLanguage\":\"en-US\",\"@id\":\"https:\/\/isde.es\/sin-categorizar\/isde-present-at-the-extraordinary-future-lawyers-awards-ceremony\/#primaryimage\",\"url\":\"\",\"contentUrl\":\"\"},{\"@type\":\"BreadcrumbList\",\"@id\":\"https:\/\/isde.es\/sin-categorizar\/isde-present-at-the-extraordinary-future-lawyers-awards-ceremony\/#breadcrumb\",\"itemListElement\":[{\"@type\":\"ListItem\",\"position\":1,\"name\":\"Portada\",\"item\":\"https:\/\/isde.es\/\"},{\"@type\":\"ListItem\",\"position\":2,\"name\":\"ISDE present at the Extraordinary Future Lawyers Awards Ceremony \ud83c\udfc5\"}]},{\"@type\":\"WebSite\",\"@id\":\"https:\/\/isde.es\/#website\",\"url\":\"https:\/\/isde.es\/\",\"name\":\"ISDE\",\"description\":\"Masters de Derecho y Econom\u00eda\",\"publisher\":{\"@id\":\"https:\/\/isde.es\/#organization\"},\"potentialAction\":[{\"@type\":\"SearchAction\",\"target\":{\"@type\":\"EntryPoint\",\"urlTemplate\":\"https:\/\/isde.es\/?s={search_term_string}\"},\"query-input\":{\"@type\":\"PropertyValueSpecification\",\"valueRequired\":true,\"valueName\":\"search_term_string\"}}],\"inLanguage\":\"en-US\"},{\"@type\":\"Organization\",\"@id\":\"https:\/\/isde.es\/#organization\",\"name\":\"ISDE, Law Business School\",\"url\":\"https:\/\/isde.es\/\",\"logo\":{\"@type\":\"ImageObject\",\"inLanguage\":\"en-US\",\"@id\":\"https:\/\/isde.es\/#\/schema\/logo\/image\/\",\"url\":\"https:\/\/isde.es\/wp-content\/uploads\/2018\/10\/logo_isde_header.jpg\",\"contentUrl\":\"https:\/\/isde.es\/wp-content\/uploads\/2018\/10\/logo_isde_header.jpg\",\"width\":134,\"height\":158,\"caption\":\"ISDE, Law Business School\"},\"image\":{\"@id\":\"https:\/\/isde.es\/#\/schema\/logo\/image\/\"},\"sameAs\":[\"https:\/\/www.facebook.com\/DerechoISDE\",\"https:\/\/x.com\/ISDEmasters\"]},{\"@type\":\"Person\",\"@id\":\"https:\/\/isde.es\/#\/schema\/person\/f303351b1259bc39b48a5d72e74f6d5d\",\"name\":\"support\",\"image\":{\"@type\":\"ImageObject\",\"inLanguage\":\"en-US\",\"@id\":\"https:\/\/isde.es\/#\/schema\/person\/image\/\",\"url\":\"https:\/\/secure.gravatar.com\/avatar\/3005ceda46bca142abeeeecb8792feb1794c09ce414e8ce54c665ee4c6ee5d24?s=96&d=mm&r=g\",\"contentUrl\":\"https:\/\/secure.gravatar.com\/avatar\/3005ceda46bca142abeeeecb8792feb1794c09ce414e8ce54c665ee4c6ee5d24?s=96&d=mm&r=g\",\"caption\":\"support\"}}]}<\/script>\n<!-- \/ Yoast SEO Premium plugin. -->","yoast_head_json":{"title":"ISDE present at the Extraordinary Future Lawyers Awards Ceremony \ud83c\udfc5 - ISDE","robots":{"index":"index","follow":"follow","max-snippet":"max-snippet:-1","max-image-preview":"max-image-preview:large","max-video-preview":"max-video-preview:-1"},"canonical":"https:\/\/isde.es\/sin-categorizar\/isde-present-at-the-extraordinary-future-lawyers-awards-ceremony\/","og_locale":"en_US","og_type":"article","og_title":"ISDE present at the Extraordinary Future Lawyers Awards Ceremony \ud83c\udfc5","og_description":"Montse Pinto Sala, Executive Director of ISDE Barcelona, and Roc\u00edo Sol\u00eds Garc\u00eda, Program Director at ISDE Barcelona, attended the Extraordinary Future Lawyers Awards ceremony in Barcelona on behalf of ISDE. The event was organized by the Illustrious Bar Association of Barcelona (ICAB), the Young Lawyers Group of Barcelona (GAJ Barcelona), and Alter Mutua de los [&hellip;]","og_url":"https:\/\/isde.es\/sin-categorizar\/isde-present-at-the-extraordinary-future-lawyers-awards-ceremony\/","og_site_name":"ISDE","article_publisher":"https:\/\/www.facebook.com\/DerechoISDE","article_published_time":"2025-12-23T11:28:32+00:00","author":"support","twitter_card":"summary_large_image","twitter_creator":"@ISDEmasters","twitter_site":"@ISDEmasters","twitter_misc":{"Written by":"support","Est. reading time":"1 minute"},"schema":{"@context":"https:\/\/schema.org","@graph":[{"@type":"Article","@id":"https:\/\/isde.es\/sin-categorizar\/isde-present-at-the-extraordinary-future-lawyers-awards-ceremony\/#article","isPartOf":{"@id":"https:\/\/isde.es\/sin-categorizar\/isde-present-at-the-extraordinary-future-lawyers-awards-ceremony\/"},"author":{"name":"support","@id":"https:\/\/isde.es\/#\/schema\/person\/f303351b1259bc39b48a5d72e74f6d5d"},"headline":"ISDE present at the Extraordinary Future Lawyers Awards Ceremony \ud83c\udfc5","datePublished":"2025-12-23T11:28:32+00:00","mainEntityOfPage":{"@id":"https:\/\/isde.es\/sin-categorizar\/isde-present-at-the-extraordinary-future-lawyers-awards-ceremony\/"},"wordCount":216,"publisher":{"@id":"https:\/\/isde.es\/#organization"},"image":{"@id":"https:\/\/isde.es\/sin-categorizar\/isde-present-at-the-extraordinary-future-lawyers-awards-ceremony\/#primaryimage"},"thumbnailUrl":"","articleSection":["News"],"inLanguage":"en-US"},{"@type":"WebPage","@id":"https:\/\/isde.es\/sin-categorizar\/isde-present-at-the-extraordinary-future-lawyers-awards-ceremony\/","url":"https:\/\/isde.es\/sin-categorizar\/isde-present-at-the-extraordinary-future-lawyers-awards-ceremony\/","name":"ISDE present at the Extraordinary Future Lawyers Awards Ceremony \ud83c\udfc5 - ISDE","isPartOf":{"@id":"https:\/\/isde.es\/#website"},"primaryImageOfPage":{"@id":"https:\/\/isde.es\/sin-categorizar\/isde-present-at-the-extraordinary-future-lawyers-awards-ceremony\/#primaryimage"},"image":{"@id":"https:\/\/isde.es\/sin-categorizar\/isde-present-at-the-extraordinary-future-lawyers-awards-ceremony\/#primaryimage"},"thumbnailUrl":"","datePublished":"2025-12-23T11:28:32+00:00","breadcrumb":{"@id":"https:\/\/isde.es\/sin-categorizar\/isde-present-at-the-extraordinary-future-lawyers-awards-ceremony\/#breadcrumb"},"inLanguage":"en-US","potentialAction":[{"@type":"ReadAction","target":["https:\/\/isde.es\/sin-categorizar\/isde-present-at-the-extraordinary-future-lawyers-awards-ceremony\/"]}]},{"@type":"ImageObject","inLanguage":"en-US","@id":"https:\/\/isde.es\/sin-categorizar\/isde-present-at-the-extraordinary-future-lawyers-awards-ceremony\/#primaryimage","url":"","contentUrl":""},{"@type":"BreadcrumbList","@id":"https:\/\/isde.es\/sin-categorizar\/isde-present-at-the-extraordinary-future-lawyers-awards-ceremony\/#breadcrumb","itemListElement":[{"@type":"ListItem","position":1,"name":"Portada","item":"https:\/\/isde.es\/"},{"@type":"ListItem","position":2,"name":"ISDE present at the Extraordinary Future Lawyers Awards Ceremony \ud83c\udfc5"}]},{"@type":"WebSite","@id":"https:\/\/isde.es\/#website","url":"https:\/\/isde.es\/","name":"ISDE","description":"Masters de Derecho y Econom\u00eda","publisher":{"@id":"https:\/\/isde.es\/#organization"},"potentialAction":[{"@type":"SearchAction","target":{"@type":"EntryPoint","urlTemplate":"https:\/\/isde.es\/?s={search_term_string}"},"query-input":{"@type":"PropertyValueSpecification","valueRequired":true,"valueName":"search_term_string"}}],"inLanguage":"en-US"},{"@type":"Organization","@id":"https:\/\/isde.es\/#organization","name":"ISDE, Law Business School","url":"https:\/\/isde.es\/","logo":{"@type":"ImageObject","inLanguage":"en-US","@id":"https:\/\/isde.es\/#\/schema\/logo\/image\/","url":"https:\/\/isde.es\/wp-content\/uploads\/2018\/10\/logo_isde_header.jpg","contentUrl":"https:\/\/isde.es\/wp-content\/uploads\/2018\/10\/logo_isde_header.jpg","width":134,"height":158,"caption":"ISDE, Law Business School"},"image":{"@id":"https:\/\/isde.es\/#\/schema\/logo\/image\/"},"sameAs":["https:\/\/www.facebook.com\/DerechoISDE","https:\/\/x.com\/ISDEmasters"]},{"@type":"Person","@id":"https:\/\/isde.es\/#\/schema\/person\/f303351b1259bc39b48a5d72e74f6d5d","name":"support","image":{"@type":"ImageObject","inLanguage":"en-US","@id":"https:\/\/isde.es\/#\/schema\/person\/image\/","url":"https:\/\/secure.gravatar.com\/avatar\/3005ceda46bca142abeeeecb8792feb1794c09ce414e8ce54c665ee4c6ee5d24?s=96&d=mm&r=g","contentUrl":"https:\/\/secure.gravatar.com\/avatar\/3005ceda46bca142abeeeecb8792feb1794c09ce414e8ce54c665ee4c6ee5d24?s=96&d=mm&r=g","caption":"support"}}]}},"_links":{"self":[{"href":"https:\/\/isde.es\/en\/wp-json\/wp\/v2\/posts\/83862","targetHints":{"allow":["GET"]}}],"collection":[{"href":"https:\/\/isde.es\/en\/wp-json\/wp\/v2\/posts"}],"about":[{"href":"https:\/\/isde.es\/en\/wp-json\/wp\/v2\/types\/post"}],"author":[{"embeddable":true,"href":"https:\/\/isde.es\/en\/wp-json\/wp\/v2\/users\/4"}],"replies":[{"embeddable":true,"href":"https:\/\/isde.es\/en\/wp-json\/wp\/v2\/comments?post=83862"}],"version-history":[{"count":0,"href":"https:\/\/isde.es\/en\/wp-json\/wp\/v2\/posts\/83862\/revisions"}],"wp:featuredmedia":[{"embeddable":true,"href":"https:\/\/isde.es\/en\/wp-json\/"}],"wp:attachment":[{"href":"https:\/\/isde.es\/en\/wp-json\/wp\/v2\/media?parent=83862"}],"wp:term":[{"taxonomy":"category","embeddable":true,"href":"https:\/\/isde.es\/en\/wp-json\/wp\/v2\/categories?post=83862"},{"taxonomy":"post_tag","embeddable":true,"href":"https:\/\/isde.es\/en\/wp-json\/wp\/v2\/tags?post=83862"},{"taxonomy":"post_folder","embeddable":true,"href":"https:\/\/isde.es\/en\/wp-json\/wp\/v2\/post_folder?post=83862"}],"curies":[{"name":"wp","href":"https:\/\/api.w.org\/{rel}","templated":true}]}}